{"id":207456,"date":"2023-03-06T11:32:35","date_gmt":"2023-03-06T16:32:35","guid":{"rendered":"https:\/\/www.ucm.edu.co\/?p=207456"},"modified":"2023-03-06T11:32:35","modified_gmt":"2023-03-06T16:32:35","slug":"instituciones-publicas-y-privadas-de-caldas-unidas-por-el-cambio-climatico","status":"publish","type":"post","link":"https:\/\/ucm.edu.co\/biblioteca\/instituciones-publicas-y-privadas-de-caldas-unidas-por-el-cambio-climatico\/","title":{"rendered":"Instituciones p\u00fablicas y privadas de Caldas, unidas por el cambio clim\u00e1tico"},"content":{"rendered":"\n<p class=\"wp-block-paragraph\">El auditorio del Banco de la Rep\u00fablica en Manizales es el espacio donde la ma\u00f1ana de este viernes se lanz\u00f3 la iniciativa Cambio Clim\u00e1tico Acciones por la Vida Caldas 2023, alianza que une esfuerzos para apostar por la mitigaci\u00f3n del cambio clim\u00e1tico en el departamento y el mundo.<\/p>\n\n\n\n<p class=\"wp-block-paragraph\">\u201cSomos una alianza que une esfuerzos para realizar #AccionesPorLaVida. \u00a1Es hora de cuidar el planeta que habitamos! Buscamos fortalecer el conocimiento en los m\u00e1s j\u00f3venes de manera especial y que sean ellos quienes tomen acci\u00f3n, para enfrentar de manera sustentable los efectos del cambio clim\u00e1tico. Vamos a cambiar la forma de hacer las cosas para proteger la vida. Tambi\u00e9n se pueden tomar acciones de por vida\u201d, dijeron los organizadores.<\/p>\n\n\n\n<figure class=\"wp-block-image size-full\"><a href=\"https:\/\/www.ucm.edu.co\/wp-content\/uploads\/2023\/03\/Acciones-por-El-Cambio-Climatico-1.jpeg\" target=\"_blank\" rel=\"noreferrer noopener\"><img decoding=\"async\" src=\"https:\/\/www.ucm.edu.co\/wp-content\/uploads\/2023\/03\/Acciones-por-El-Cambio-Climatico-1.jpeg\" alt=\"Vicerrectora Acad\u00e9mica de la Universidad Cat\u00f3lica de Manizales. Hermana Gloria Estela Rol\u00f3n y el Profesor de Ingenier\u00eda Ambiental y la Maestr\u00eda en Ecoingenier\u00eda, Doctor Javier Mauricio Naranjo.\" class=\"wp-image-207471\"\/><\/a><figcaption class=\"wp-element-caption\"><strong>Vicerrectora Acad\u00e9mica de la Universidad Cat\u00f3lica de Manizales. Hermana Gloria Estela Rol\u00f3n y el Profesor de Ingenier\u00eda Ambiental y la Maestr\u00eda en Ecoingenier\u00eda, Doctor Javier Mauricio Naranjo.<\/strong><\/figcaption><\/figure>\n\n\n\n<p class=\"wp-block-paragraph\">En este proyecto desarrollado por la Universidad de Manizales y el Centro Cultural del Banco de la Rep\u00fablica en la capital caldense participan tambi\u00e9n como aliados LA PATRIA, Chec, Efig\u00e1s, Aguas de Manizales, Corpocaldas, la <strong>Universidad Cat\u00f3lica de Manizales<\/strong>, Fenalco Caldas, la Universidad de Caldas, la Alcald\u00eda de Manizales, Emas, la Secretar\u00eda de Gobierno de Caldas, Cumbres Blancas y 2811 Platform.<\/p>\n\n\n\n<p class=\"wp-block-paragraph\">Este a\u00f1o se llevar\u00e1n a cabo actividades en colegios, ecoparques, universidades, centros comerciales y escenarios de Caldas para visibilizar las potencialidades del territorio.<\/p>\n\n\n\n<figure class=\"wp-block-image size-full\"><a href=\"https:\/\/www.ucm.edu.co\/wp-content\/uploads\/2023\/03\/Acciones-por-El-Cambio-Climatico-2.jpeg\" target=\"_blank\" rel=\"noreferrer noopener\"><img decoding=\"async\" src=\"https:\/\/www.ucm.edu.co\/wp-content\/uploads\/2023\/03\/Acciones-por-El-Cambio-Climatico-2.jpeg\" alt=\"Evento de Lanzamiento de Acciones por la Vida - Cambio Clim\u00e1tico.\" class=\"wp-image-207472\"\/><\/a><\/figure>\n","protected":false},"excerpt":{"rendered":"<p>La iniciativa cuenta con el apoyo de diferentes Instituciones aliadas y el decidido apoyo de la UCM desde el Programa de Ingenier\u00eda Ambiental y la Maestr\u00eda en Ecoingenier\u00eda.<\/p>\n","protected":false},"author":2,"featured_media":207469,"comment_status":"open","ping_status":"open","sticky":false,"template":"","format":"standard","meta":{"_et_pb_use_builder":"","_et_pb_old_content":"","_et_gb_content_width":"","footnotes":""},"categories":[20,29],"tags":[30,31,18,19],"class_list":["post-207456","post","type-post","status-publish","format-standard","has-post-thumbnail","hentry","category-docencia","category-proyeccion","tag-ingenieria-ambiental-ucm","tag-maestria-en-ecoingenieria","tag-ucm","tag-universidad-catolica-de-manizales"],"_links":{"self":[{"href":"https:\/\/ucm.edu.co\/biblioteca\/wp-json\/wp\/v2\/posts\/207456","targetHints":{"allow":["GET"]}}],"collection":[{"href":"https:\/\/ucm.edu.co\/biblioteca\/wp-json\/wp\/v2\/posts"}],"about":[{"href":"https:\/\/ucm.edu.co\/biblioteca\/wp-json\/wp\/v2\/types\/post"}],"author":[{"embeddable":true,"href":"https:\/\/ucm.edu.co\/biblioteca\/wp-json\/wp\/v2\/users\/2"}],"replies":[{"embeddable":true,"href":"https:\/\/ucm.edu.co\/biblioteca\/wp-json\/wp\/v2\/comments?post=207456"}],"version-history":[{"count":0,"href":"https:\/\/ucm.edu.co\/biblioteca\/wp-json\/wp\/v2\/posts\/207456\/revisions"}],"wp:attachment":[{"href":"https:\/\/ucm.edu.co\/biblioteca\/wp-json\/wp\/v2\/media?parent=207456"}],"wp:term":[{"taxonomy":"category","embeddable":true,"href":"https:\/\/ucm.edu.co\/biblioteca\/wp-json\/wp\/v2\/categories?post=207456"},{"taxonomy":"post_tag","embeddable":true,"href":"https:\/\/ucm.edu.co\/biblioteca\/wp-json\/wp\/v2\/tags?post=207456"}],"curies":[{"name":"wp","href":"https:\/\/api.w.org\/{rel}","templated":true}]}}