{"id":208252,"date":"2023-03-22T15:03:40","date_gmt":"2023-03-22T20:03:40","guid":{"rendered":"https:\/\/www.ucm.edu.co\/?p=208252"},"modified":"2023-03-22T15:03:40","modified_gmt":"2023-03-22T20:03:40","slug":"graduado-ucm-es-nuevo-director-de-sostenibilidad-de-autopistas-del-cafe","status":"publish","type":"post","link":"https:\/\/ucm.edu.co\/biblioteca\/graduado-ucm-es-nuevo-director-de-sostenibilidad-de-autopistas-del-cafe\/","title":{"rendered":"Graduado UCM es nuevo director de sostenibilidad de Autopistas del Caf\u00e9"},"content":{"rendered":"\n<p class=\"wp-block-paragraph\">El graduado de la Universidad Cat\u00f3lica de Manizales,<strong> Andr\u00e9s Felipe Arbel\u00e1ez Ospina<\/strong>, ha sido designado como nuevo director de Sostenibilidad de Autopistas del Caf\u00e9. <\/p>\n\n\n\n<p class=\"wp-block-paragraph\">Andr\u00e9s Felipe, graduado del Programa de Ingenier\u00eda Ambiental, fue director de Sostenibilidad Corporativa GENSA SA ESP, l\u00edder Socioambiental CHEC SA ESP, subdirector de Control Ambiental de la Secretaria Distrital de Ambiente Bogot\u00e1 D.C., subdirector Silvicultura, Flora y Fauna de la Secretaria Distrital de Ambiente Bogot\u00e1 D.C, gerente General Acciones Ambientales SA, gerente General ICSA ING SA ESP, director Planeaci\u00f3n y Desarrollo EMAS SA ESP y asesor y consultor de la Comisi\u00f3n Sexta del Senado de la Rep\u00fablica Colombia. <\/p>\n\n\n\n<p class=\"wp-block-paragraph\">Adem\u00e1s, Andr\u00e9s Felipe se desempe\u00f1\u00f3 como director de los programas de Ingenier\u00eda Ambiental, Especializaci\u00f3n en Prevenci\u00f3n, Atenci\u00f3n y Reducci\u00f3n de Desastres y Maestr\u00eda en Teledetecci\u00f3n, de la UCM.<\/p>\n","protected":false},"excerpt":{"rendered":"<p>El graduado de la Universidad Cat\u00f3lica de Manizales, Andr\u00e9s Felipe Arbel\u00e1ez Ospina, ha sido designado como nuevo director de Sostenibilidad de Autopistas del Caf\u00e9. Andr\u00e9s Felipe, graduado del Programa de [&hellip;]<\/p>\n","protected":false},"author":2,"featured_media":208253,"comment_status":"open","ping_status":"open","sticky":false,"template":"","format":"standard","meta":{"_et_pb_use_builder":"","_et_pb_old_content":"","_et_gb_content_width":"","footnotes":""},"categories":[37],"tags":[51,38,30,18,19],"class_list":["post-208252","post","type-post","status-publish","format-standard","has-post-thumbnail","hentry","category-graduados","tag-graduado","tag-graduados-ucm","tag-ingenieria-ambiental-ucm","tag-ucm","tag-universidad-catolica-de-manizales"],"_links":{"self":[{"href":"https:\/\/ucm.edu.co\/biblioteca\/wp-json\/wp\/v2\/posts\/208252","targetHints":{"allow":["GET"]}}],"collection":[{"href":"https:\/\/ucm.edu.co\/biblioteca\/wp-json\/wp\/v2\/posts"}],"about":[{"href":"https:\/\/ucm.edu.co\/biblioteca\/wp-json\/wp\/v2\/types\/post"}],"author":[{"embeddable":true,"href":"https:\/\/ucm.edu.co\/biblioteca\/wp-json\/wp\/v2\/users\/2"}],"replies":[{"embeddable":true,"href":"https:\/\/ucm.edu.co\/biblioteca\/wp-json\/wp\/v2\/comments?post=208252"}],"version-history":[{"count":0,"href":"https:\/\/ucm.edu.co\/biblioteca\/wp-json\/wp\/v2\/posts\/208252\/revisions"}],"wp:attachment":[{"href":"https:\/\/ucm.edu.co\/biblioteca\/wp-json\/wp\/v2\/media?parent=208252"}],"wp:term":[{"taxonomy":"category","embeddable":true,"href":"https:\/\/ucm.edu.co\/biblioteca\/wp-json\/wp\/v2\/categories?post=208252"},{"taxonomy":"post_tag","embeddable":true,"href":"https:\/\/ucm.edu.co\/biblioteca\/wp-json\/wp\/v2\/tags?post=208252"}],"curies":[{"name":"wp","href":"https:\/\/api.w.org\/{rel}","templated":true}]}}