{"id":209283,"date":"2023-05-05T10:51:00","date_gmt":"2023-05-05T15:51:00","guid":{"rendered":"https:\/\/ucm.edu.co\/biblioteca\/?p=209283"},"modified":"2023-05-05T10:51:01","modified_gmt":"2023-05-05T15:51:01","slug":"formato-para-interponer-quejas-por-posible-acoso-laboral-o-presentar-sugerencias-ante-el-comite-de-convivencia-laboral-de-la-universidad-catolica-de-manizales","status":"publish","type":"post","link":"https:\/\/ucm.edu.co\/biblioteca\/formato-para-interponer-quejas-por-posible-acoso-laboral-o-presentar-sugerencias-ante-el-comite-de-convivencia-laboral-de-la-universidad-catolica-de-manizales\/","title":{"rendered":"Formato para interponer quejas por posible acoso laboral o presentar sugerencias ante el comit\u00e9 de convivencia laboral de la Universidad Cat\u00f3lica de Manizales"},"content":{"rendered":"\n<p>El Comit\u00e9 de Convivencia Laboral* de la Universidad Cat\u00f3lica de Manizales, pone a disposici\u00f3n de todos sus colaboradores, el formato para presentar en caso de llegarse a presentar alguna situaci\u00f3n en la que el colaborador perciba una actitud, acci\u00f3n o situaci\u00f3n en la que se pueda presentar alguna conducta por parte de otro colaborador que pueda configurar un posible acoso laboral.<\/p>\n\n\n\n<p><strong>Definici\u00f3n de acoso laboral:<\/strong><\/p>\n\n\n\n<p>Toda conducta persistente y demostrable, ejercida sobre un colaborador, por parte de un empleador, un jefe o supervisor jer\u00e1rquico inmediato o mediato, un compa\u00f1ero de trabajo o un subalterno, encaminada a infundir miedo, intimidaci\u00f3n, terror o angustia, o causar perjuicio laboral, generar desmotivaci\u00f3n en el trabajo, o inducir la renuncia del mismo. (Ley 1010 de 2006).<\/p>\n\n\n\n<p><strong>Descarga el Formato de Presentaci\u00f3n de Quejas en el siguiente link:<\/strong><\/p>\n\n\n\n<p><strong><a href=\"http:\/\/portalweb.ucm.edu.co\/intranet\/wp-content\/uploads\/2021\/09\/FORMATO-PRESENTACION-DE-QUEJAS-COMIT%C3%89-DE-CONVIVENCIA-LABORAL-UCM.pdf\" target=\"_blank\" rel=\"noreferrer noopener\">FORMATO PRESENTACION DE QUEJAS COMIT\u00c9 DE CONVIVENCIA LABORAL UCM<\/a><\/strong><\/p>\n\n\n\n<p><strong>*\u00bfQu\u00e9 es el Comit\u00e9 de Convivencia Laboral?<\/strong><\/p>\n\n\n\n<p>El comit\u00e9 de convivencia laboral es un equipo de colaboradores de una empresa que se encargan recibir y dar tr\u00e1mite a las quejas presentadas en las que se describan situaciones que puedan constituir&nbsp;<a href=\"https:\/\/safetya.co\/acoso-laboral-ley-colombiana\/\">acoso laboral<\/a>.<\/p>\n","protected":false},"excerpt":{"rendered":"<p>El Comit\u00e9 de Convivencia Laboral* de la Universidad Cat\u00f3lica de Manizales, pone a disposici\u00f3n de todos sus colaboradores, el formato para presentar en caso de llegarse a presentar alguna situaci\u00f3n [&hellip;]<\/p>\n","protected":false},"author":2,"featured_media":209284,"comment_status":"open","ping_status":"open","sticky":false,"template":"","format":"standard","meta":{"_et_pb_use_builder":"off","_et_pb_old_content":"","_et_gb_content_width":"","footnotes":""},"categories":[128],"tags":[],"class_list":["post-209283","post","type-post","status-publish","format-standard","has-post-thumbnail","hentry","category-comite-convivencia-laboral"],"_links":{"self":[{"href":"https:\/\/ucm.edu.co\/biblioteca\/wp-json\/wp\/v2\/posts\/209283","targetHints":{"allow":["GET"]}}],"collection":[{"href":"https:\/\/ucm.edu.co\/biblioteca\/wp-json\/wp\/v2\/posts"}],"about":[{"href":"https:\/\/ucm.edu.co\/biblioteca\/wp-json\/wp\/v2\/types\/post"}],"author":[{"embeddable":true,"href":"https:\/\/ucm.edu.co\/biblioteca\/wp-json\/wp\/v2\/users\/2"}],"replies":[{"embeddable":true,"href":"https:\/\/ucm.edu.co\/biblioteca\/wp-json\/wp\/v2\/comments?post=209283"}],"version-history":[{"count":1,"href":"https:\/\/ucm.edu.co\/biblioteca\/wp-json\/wp\/v2\/posts\/209283\/revisions"}],"predecessor-version":[{"id":209285,"href":"https:\/\/ucm.edu.co\/biblioteca\/wp-json\/wp\/v2\/posts\/209283\/revisions\/209285"}],"wp:featuredmedia":[{"embeddable":true,"href":"https:\/\/ucm.edu.co\/biblioteca\/wp-json\/wp\/v2\/media\/209284"}],"wp:attachment":[{"href":"https:\/\/ucm.edu.co\/biblioteca\/wp-json\/wp\/v2\/media?parent=209283"}],"wp:term":[{"taxonomy":"category","embeddable":true,"href":"https:\/\/ucm.edu.co\/biblioteca\/wp-json\/wp\/v2\/categories?post=209283"},{"taxonomy":"post_tag","embeddable":true,"href":"https:\/\/ucm.edu.co\/biblioteca\/wp-json\/wp\/v2\/tags?post=209283"}],"curies":[{"name":"wp","href":"https:\/\/api.w.org\/{rel}","templated":true}]}}