{"id":207371,"date":"2023-03-01T17:54:51","date_gmt":"2023-03-01T22:54:51","guid":{"rendered":"https:\/\/www.ucm.edu.co\/?p=207371"},"modified":"2023-03-01T17:54:51","modified_gmt":"2023-03-01T22:54:51","slug":"nodo-eje-cafetero-de-la-rucc-tuvo-reunion-de-planeacion-en-pereira","status":"publish","type":"post","link":"https:\/\/ucm.edu.co\/intranet\/nodo-eje-cafetero-de-la-rucc-tuvo-reunion-de-planeacion-en-pereira\/","title":{"rendered":"Nodo Eje Cafetero de la RUCC tuvo reuni\u00f3n de planeaci\u00f3n en Pereira"},"content":{"rendered":"\n<p class=\"wp-block-paragraph\">La<strong> Red de Universidades Cat\u00f3licas RUCC Nodo Eje Cafetero<\/strong>, sostuvo en la sede de Uniminuto en Pereira, su primera reuni\u00f3n en este 2023, con un balance de las actividades desarrolladas durante el a\u00f1o anterior, se hizo la planeaci\u00f3n desde cada una de las mesas de trabajo establecidas y se compartieron las proyecciones para este 2023.<\/p>\n\n\n\n<figure class=\"wp-block-image size-full\"><a href=\"https:\/\/www.ucm.edu.co\/wp-content\/uploads\/2023\/03\/RUCC-Nodo-Eje-Cafetero-2023.jpeg\" target=\"_blank\" rel=\"noreferrer noopener\"><img decoding=\"async\" src=\"https:\/\/www.ucm.edu.co\/wp-content\/uploads\/2023\/03\/RUCC-Nodo-Eje-Cafetero-2023.jpeg\" alt=\"Integrantes RUCC Nodo Eje Cafetero 2023\" class=\"wp-image-207376\"\/><\/a><\/figure>\n\n\n\n<p class=\"wp-block-paragraph\">El Nodo Eje Cafetero de la RUCC es coordinado por <em><strong>Hna. Elizabeth Caicedo Caicedo<\/strong><\/em>, Rectora de la Universidad Cat\u00f3lica de Manizales y est\u00e1 conformado por:<\/p>\n\n\n\n<p class=\"wp-block-paragraph\"><strong>Universidad Cat\u00f3lica de Manizales<\/strong><\/p>\n\n\n\n<p class=\"wp-block-paragraph\"><strong>Universidad Cat\u00f3lica Luis Amig\u00f3<\/strong><\/p>\n\n\n\n<p class=\"wp-block-paragraph\"><strong>Universidad Cat\u00f3lica de Pereira<\/strong><\/p>\n\n\n\n<p class=\"wp-block-paragraph\"><strong>Corporaci\u00f3n Universitaria Minuto de Dios \u2013 UNIMINUTO.<\/strong><\/p>\n\n\n\n<p class=\"wp-block-paragraph\"><strong>Universidad San Buenaventura sede Armenia.<\/strong><\/p>\n\n\n\n<p class=\"wp-block-paragraph\">La RUCC trabaja en acciones conjuntas que permitan dar cuenta del esp\u00edritu cat\u00f3lico de cada una de las universidades, realizando actividades que sean de gran beneficio para las comunidades de profesores, estudiantes y administrativos de las 5 universidades cat\u00f3licas del Eje Cafetero.<\/p>\n\n\n\n<figure class=\"wp-block-image size-full is-resized\"><a href=\"https:\/\/www.ucm.edu.co\/wp-content\/uploads\/2023\/03\/WhatsApp-Image-2023-02-28-at-3.44.46-PM-1.jpeg\" target=\"_blank\" rel=\"noreferrer noopener\"><img loading=\"lazy\" decoding=\"async\" src=\"https:\/\/www.ucm.edu.co\/wp-content\/uploads\/2023\/03\/WhatsApp-Image-2023-02-28-at-3.44.46-PM-1.jpeg\" alt=\"Reuni\u00f3n RUCC Nodo Eje Cafetero\" class=\"wp-image-207373\" width=\"621\" height=\"466\"\/><\/a><\/figure>\n\n\n\n<p class=\"wp-block-paragraph\">Las mesas de trabajo en las que se divide la RUCC en nuestra regi\u00f3n son:  <strong>Pastoral, Desarrollo Profesoral, Internacionalizaci\u00f3n y Comunicaciones.<\/strong><\/p>\n\n\n\n<p class=\"wp-block-paragraph\">Por la UCM estuvieron presentes Hna. Elizabeth Caicedo, Mar\u00eda de los \u00c1ngeles Casafus, Sandra Valencia y Alejandro Mar\u00edn.<\/p>\n\n\n\n<p class=\"wp-block-paragraph\"><strong>Hna. Elizabeth Caicedo &#8211; Rectora Universidad Cat\u00f3lica de Manizales:<\/strong> <em>&#8220;El ser parte de la RUCC Colombia nos permite ser coherentes con nuestra identidad, trabajar en clave de sinodalidad, caminar juntos para el anuncio de Jes\u00fas que es el ADN de nuestras instituciones. Ser parte del Nodo Eje Cafetero y coordinarlo desde la UCM tambi\u00e9n nos permite sentirnos hermanos y hermanas y desde ah\u00ed tejer todas las mesas, de tal manera que la puesta en com\u00fan de nuestras capacidades institucionales nos permitan apalancar procesos y dar cuenta del perfil social que est\u00e1 presente en nosotros como comunidades universitarias&#8221;.<\/em><\/p>\n\n\n\n<figure class=\"wp-block-image size-full is-resized\"><a href=\"https:\/\/www.ucm.edu.co\/wp-content\/uploads\/2023\/03\/WhatsApp-Image-2023-02-28-at-3.44.45-PM.jpeg\" target=\"_blank\" rel=\"noreferrer noopener\"><img loading=\"lazy\" decoding=\"async\" src=\"https:\/\/www.ucm.edu.co\/wp-content\/uploads\/2023\/03\/WhatsApp-Image-2023-02-28-at-3.44.45-PM.jpeg\" alt=\"Reuni\u00f3n RUCC Nodo Eje Cafetero\" class=\"wp-image-207375\" width=\"523\" height=\"392\"\/><\/a><\/figure>\n\n\n\n<p class=\"wp-block-paragraph\"><\/p>\n\n\n\n<p class=\"wp-block-paragraph\"><\/p>\n","protected":false},"excerpt":{"rendered":"<p>El trabajo de la RUCC Nodo Eje Cafetero para este 2023 traer\u00e1 muchos beneficios para las 5 universidades cat\u00f3licas del Eje. <\/p>\n","protected":false},"author":2,"featured_media":207374,"comment_status":"open","ping_status":"open","sticky":false,"template":"","format":"standard","meta":{"_et_pb_use_builder":"","_et_pb_old_content":"","_et_gb_content_width":"","_monsterinsights_skip_tracking":false,"footnotes":""},"categories":[20],"tags":[21,22,23,18,19],"class_list":["post-207371","post","type-post","status-publish","format-standard","has-post-thumbnail","hentry","category-docencia","tag-rectoria","tag-rucc","tag-rucc-nodo-eje-cafetero","tag-ucm","tag-universidad-catolica-de-manizales"],"_links":{"self":[{"href":"https:\/\/ucm.edu.co\/intranet\/wp-json\/wp\/v2\/posts\/207371","targetHints":{"allow":["GET"]}}],"collection":[{"href":"https:\/\/ucm.edu.co\/intranet\/wp-json\/wp\/v2\/posts"}],"about":[{"href":"https:\/\/ucm.edu.co\/intranet\/wp-json\/wp\/v2\/types\/post"}],"author":[{"embeddable":true,"href":"https:\/\/ucm.edu.co\/intranet\/wp-json\/wp\/v2\/users\/2"}],"replies":[{"embeddable":true,"href":"https:\/\/ucm.edu.co\/intranet\/wp-json\/wp\/v2\/comments?post=207371"}],"version-history":[{"count":0,"href":"https:\/\/ucm.edu.co\/intranet\/wp-json\/wp\/v2\/posts\/207371\/revisions"}],"wp:attachment":[{"href":"https:\/\/ucm.edu.co\/intranet\/wp-json\/wp\/v2\/media?parent=207371"}],"wp:term":[{"taxonomy":"category","embeddable":true,"href":"https:\/\/ucm.edu.co\/intranet\/wp-json\/wp\/v2\/categories?post=207371"},{"taxonomy":"post_tag","embeddable":true,"href":"https:\/\/ucm.edu.co\/intranet\/wp-json\/wp\/v2\/tags?post=207371"}],"curies":[{"name":"wp","href":"https:\/\/api.w.org\/{rel}","templated":true}]}}