{"id":207445,"date":"2023-03-06T09:00:24","date_gmt":"2023-03-06T14:00:24","guid":{"rendered":"https:\/\/www.ucm.edu.co\/?p=207445"},"modified":"2023-03-06T09:00:24","modified_gmt":"2023-03-06T14:00:24","slug":"especializacion-en-seguridad-y-salud-en-el-trabajo-obtiene-renovacion-de-registro-calificado","status":"publish","type":"post","link":"https:\/\/ucm.edu.co\/intranet\/especializacion-en-seguridad-y-salud-en-el-trabajo-obtiene-renovacion-de-registro-calificado\/","title":{"rendered":"Especializaci\u00f3n en Seguridad y Salud en el Trabajo obtiene renovaci\u00f3n de registro calificado"},"content":{"rendered":"\n<p class=\"wp-block-paragraph\">Mediante resoluci\u00f3n N. 003537 del 2 de marzo de 2023, el Ministerio de Educaci\u00f3n Nacional -MEN- resolvi\u00f3 la solicitud de renovaci\u00f3n y modificaci\u00f3n del registro calificado del programa de Especializaci\u00f3n en Seguridad y Salud en el Trabajo de la Universidad Cat\u00f3lica de Manizales. Este programa otorga el titulo de Especialista en Seguridad y Salud en el Trabajo, ser\u00e1 ofrecido en modalidad de formaci\u00f3n <strong><em>a distancia, en los lugares de desarrollo de Manizales, Cali, Medell\u00edn y Barranquilla<\/em><\/strong> tiene un total de 23 cr\u00e9ditos y una duraci\u00f3n estimada de 2 semestres.<\/p>\n\n\n\n<p class=\"wp-block-paragraph\">Se extiende un saludo de felicitaciones al equipo de la Facultad y del Programa.<\/p>\n\n\n\n<p class=\"wp-block-paragraph\">En la UCM vivimos la cultura de la Calidad.<\/p>\n\n\n\n<p class=\"wp-block-paragraph\">Rector\u00eda \/ Direcci\u00f3n de Aseguramiento de la Calidad.<\/p>\n\n\n\n<figure class=\"wp-block-image size-full is-resized\"><a href=\"https:\/\/www.ucm.edu.co\/wp-content\/uploads\/2023\/03\/Renovacio\u0301nRegistro_SST.png\" target=\"_blank\" rel=\"noreferrer noopener\"><img loading=\"lazy\" decoding=\"async\" src=\"https:\/\/www.ucm.edu.co\/wp-content\/uploads\/2023\/03\/Renovacio\u0301nRegistro_SST.png\" alt=\"Renovaci\u00f3n del Registro Calificado de la Especializaci\u00f3n en Seguridad y Salud en el Trabajo de la Universidad Cat\u00f3lica de Manizales, por parte del Ministerio de Educaci\u00f3n Nacional.\" class=\"wp-image-207447\" width=\"538\" height=\"282\"\/><\/a><\/figure>\n","protected":false},"excerpt":{"rendered":"<p>La Especializaci\u00f3n en Seguridad y Salud en el Trabajo pertenece a la Facultad de Ciencias de la Salud<\/p>\n","protected":false},"author":2,"featured_media":207451,"comment_status":"open","ping_status":"open","sticky":false,"template":"","format":"standard","meta":{"_et_pb_use_builder":"","_et_pb_old_content":"","_et_gb_content_width":"","_monsterinsights_skip_tracking":false,"footnotes":""},"categories":[20],"tags":[27,28,21,18,19],"class_list":["post-207445","post","type-post","status-publish","format-standard","has-post-thumbnail","hentry","category-docencia","tag-direccion-de-aseguramiento-de-la-calidad-ucm","tag-facultad-ciencias-de-la-salud","tag-rectoria","tag-ucm","tag-universidad-catolica-de-manizales"],"_links":{"self":[{"href":"https:\/\/ucm.edu.co\/intranet\/wp-json\/wp\/v2\/posts\/207445","targetHints":{"allow":["GET"]}}],"collection":[{"href":"https:\/\/ucm.edu.co\/intranet\/wp-json\/wp\/v2\/posts"}],"about":[{"href":"https:\/\/ucm.edu.co\/intranet\/wp-json\/wp\/v2\/types\/post"}],"author":[{"embeddable":true,"href":"https:\/\/ucm.edu.co\/intranet\/wp-json\/wp\/v2\/users\/2"}],"replies":[{"embeddable":true,"href":"https:\/\/ucm.edu.co\/intranet\/wp-json\/wp\/v2\/comments?post=207445"}],"version-history":[{"count":0,"href":"https:\/\/ucm.edu.co\/intranet\/wp-json\/wp\/v2\/posts\/207445\/revisions"}],"wp:attachment":[{"href":"https:\/\/ucm.edu.co\/intranet\/wp-json\/wp\/v2\/media?parent=207445"}],"wp:term":[{"taxonomy":"category","embeddable":true,"href":"https:\/\/ucm.edu.co\/intranet\/wp-json\/wp\/v2\/categories?post=207445"},{"taxonomy":"post_tag","embeddable":true,"href":"https:\/\/ucm.edu.co\/intranet\/wp-json\/wp\/v2\/tags?post=207445"}],"curies":[{"name":"wp","href":"https:\/\/api.w.org\/{rel}","templated":true}]}}