{"id":207752,"date":"2023-03-10T11:57:02","date_gmt":"2023-03-10T16:57:02","guid":{"rendered":"https:\/\/www.ucm.edu.co\/?p=207752"},"modified":"2023-03-10T11:57:02","modified_gmt":"2023-03-10T16:57:02","slug":"se-realizo-la-conferencia-retos-de-la-reforma-en-salud","status":"publish","type":"post","link":"https:\/\/ucm.edu.co\/intranet\/se-realizo-la-conferencia-retos-de-la-reforma-en-salud\/","title":{"rendered":"Se realiz\u00f3 la conferencia &#8220;Retos de la reforma en salud&#8221;"},"content":{"rendered":"\n<p class=\"wp-block-paragraph\">El secretario de Salud de Manizales, Carlos Humberto Orozco T\u00e9llez, fue el conferencista central de un espacio organizado por la Facultad de Ciencias de la Salud de la Universidad Cat\u00f3lica de Manizales, en la que expuso los puntos m\u00e1s importantes de la reforma al sistema de salud presentada por el gobierno nacional.<\/p>\n\n\n\n<p class=\"wp-block-paragraph\">El doctor Carlos Humberto socializ\u00f3 sus inquietudes y preocupaciones respecto a la financiaci\u00f3n del sistema, y a la correcta administraci\u00f3n de los recursos de la salud tal como lo propone el gobierno; es decir a trav\u00e9s de la ADRES.<\/p>\n\n\n\n<figure class=\"wp-block-image size-large is-resized\"><a href=\"https:\/\/www.ucm.edu.co\/wp-content\/uploads\/2023\/03\/WhatsApp-Image-2023-03-10-at-11.18.10-AM-1.jpeg\" target=\"_blank\" rel=\"noreferrer noopener\"><img loading=\"lazy\" decoding=\"async\" src=\"https:\/\/www.ucm.edu.co\/wp-content\/uploads\/2023\/03\/WhatsApp-Image-2023-03-10-at-11.18.10-AM-1-1024x768.jpeg\" alt=\"Conferencia UCM, Retos de la Reforma a la Salud, dictada por el Secretario de Salud Municipal Carlos Humberto Orozco.\" class=\"wp-image-207800\" width=\"639\" height=\"479\"\/><\/a><figcaption class=\"wp-element-caption\"><strong><em>Carlos Humberto Orozco en la conferencia impartida en la Universidad Cat\u00f3lica de Manizales<\/em><\/strong><\/figcaption><\/figure>\n\n\n\n<p class=\"wp-block-paragraph\">A la conferencia asistieron estudiantes de los programas de Enfermer\u00eda, Bacteriolog\u00eda, profesores de la Instituci\u00f3n, medios de comunicaci\u00f3n y colaboradores interesados en un tema que es de vital importancia en la actualidad para el pa\u00eds.<\/p>\n\n\n\n<p class=\"wp-block-paragraph\"><strong>Sobre el Conferencista<\/strong>: M\u00e9dico de la Universidad de Caldas. Especialista en Epidemiolog\u00eda de la Universidad de Antioquia. Especialista en Administraci\u00f3n de Salud de la Universidad Cat\u00f3lica de Manizales. Instructor internacional ITLS &#8211; International Trauma Life Support (Cruz Roja Colombiana). Curso de postgrado en Diabetes y Pie diab\u00e9tico. FUEDIN (Fundaci\u00f3n Escuela para la Formaci\u00f3n y Actualizaci\u00f3n en Diabetes y Nutrici\u00f3n, Argentina) Profesor universitario.<\/p>\n\n\n\n<figure class=\"wp-block-image size-large is-resized\"><a href=\"https:\/\/www.ucm.edu.co\/wp-content\/uploads\/2023\/03\/WhatsApp-Image-2023-03-10-at-11.18.11-AM-1.jpeg\" target=\"_blank\" rel=\"noreferrer noopener\"><img loading=\"lazy\" decoding=\"async\" src=\"https:\/\/www.ucm.edu.co\/wp-content\/uploads\/2023\/03\/WhatsApp-Image-2023-03-10-at-11.18.11-AM-1-1024x768.jpeg\" alt=\"Conferencia Retos de la Reforma a la Salud.  Asistentes al auditorio\" class=\"wp-image-207801\" width=\"486\" height=\"364\"\/><\/a><\/figure>\n","protected":false},"excerpt":{"rendered":"<p>En la conferencia estuvieron presentes integrantes de la Comunidad UCM y personas externas a la Instituci\u00f3n.<\/p>\n","protected":false},"author":2,"featured_media":207799,"comment_status":"open","ping_status":"open","sticky":false,"template":"","format":"standard","meta":{"_et_pb_use_builder":"","_et_pb_old_content":"","_et_gb_content_width":"","_monsterinsights_skip_tracking":false,"footnotes":""},"categories":[20],"tags":[39,40,18,19],"class_list":["post-207752","post","type-post","status-publish","format-standard","has-post-thumbnail","hentry","category-docencia","tag-bacteriologia-ucm","tag-enfermeria","tag-ucm","tag-universidad-catolica-de-manizales"],"_links":{"self":[{"href":"https:\/\/ucm.edu.co\/intranet\/wp-json\/wp\/v2\/posts\/207752","targetHints":{"allow":["GET"]}}],"collection":[{"href":"https:\/\/ucm.edu.co\/intranet\/wp-json\/wp\/v2\/posts"}],"about":[{"href":"https:\/\/ucm.edu.co\/intranet\/wp-json\/wp\/v2\/types\/post"}],"author":[{"embeddable":true,"href":"https:\/\/ucm.edu.co\/intranet\/wp-json\/wp\/v2\/users\/2"}],"replies":[{"embeddable":true,"href":"https:\/\/ucm.edu.co\/intranet\/wp-json\/wp\/v2\/comments?post=207752"}],"version-history":[{"count":0,"href":"https:\/\/ucm.edu.co\/intranet\/wp-json\/wp\/v2\/posts\/207752\/revisions"}],"wp:attachment":[{"href":"https:\/\/ucm.edu.co\/intranet\/wp-json\/wp\/v2\/media?parent=207752"}],"wp:term":[{"taxonomy":"category","embeddable":true,"href":"https:\/\/ucm.edu.co\/intranet\/wp-json\/wp\/v2\/categories?post=207752"},{"taxonomy":"post_tag","embeddable":true,"href":"https:\/\/ucm.edu.co\/intranet\/wp-json\/wp\/v2\/tags?post=207752"}],"curies":[{"name":"wp","href":"https:\/\/api.w.org\/{rel}","templated":true}]}}