{"id":207981,"date":"2023-03-15T17:57:33","date_gmt":"2023-03-15T22:57:33","guid":{"rendered":"https:\/\/www.ucm.edu.co\/?p=207981"},"modified":"2023-03-15T17:57:33","modified_gmt":"2023-03-15T22:57:33","slug":"proyecto-origen-colombiano-ofrece-cursos-gratuitos-en-areas-de-salud-ciencias-biologicas-e-ingenierias-para-la-apropiacion-social-del-conocimiento","status":"publish","type":"post","link":"https:\/\/ucm.edu.co\/intranet\/proyecto-origen-colombiano-ofrece-cursos-gratuitos-en-areas-de-salud-ciencias-biologicas-e-ingenierias-para-la-apropiacion-social-del-conocimiento\/","title":{"rendered":"Proyecto \u201cOrigen Colombiano\u201d: cursos en \u00e1reas de salud, ciencias biol\u00f3gicas e ingenier\u00edas para apropiaci\u00f3n social del conocimiento"},"content":{"rendered":"\n<p class=\"wp-block-paragraph\">El Proyecto de Investigaci\u00f3n &#8220;Origen Colombiano&#8221; Cap\u00edtulo Caldas, ha anunciado su compromiso con la apropiaci\u00f3n social del conocimiento, mediante la oferta de cursos gratuitos a profesionales y estudiantes de \u00e1reas como salud, ciencias biol\u00f3gicas e ingenier\u00edas, con el objetivo de brindar herramientas para la pr\u00e1ctica profesional en beneficio de la sociedad colombiana.<\/p>\n\n\n\n<figure class=\"wp-block-embed is-type-video is-provider-youtube wp-block-embed-youtube wp-embed-aspect-16-9 wp-has-aspect-ratio\"><div class=\"wp-block-embed__wrapper\">\n<iframe loading=\"lazy\" title=\"Participaci\u00f3n UCM en Proyecto Origen - BIOS\" width=\"1080\" height=\"608\" src=\"https:\/\/www.youtube.com\/embed\/h1X32LxSu4I?feature=oembed\"  allow=\"accelerometer; autoplay; clipboard-write; encrypted-media; gyroscope; picture-in-picture; web-share\" allowfullscreen><\/iframe>\n<\/div><\/figure>\n\n\n\n<p class=\"wp-block-paragraph\"><strong>Oferta de Cursos<\/strong><\/p>\n\n\n\n<p class=\"wp-block-paragraph\">Entre los cursos se encuentran dos presenciales. El primero de ellos, ofertado por la Universidad de Caldas, se denomina:<strong> <em>&#8220;Material gen\u00e9tico y prote\u00ednas: estructura, funci\u00f3n y relaci\u00f3n con las enfermedades humanas&#8221;<\/em><\/strong> , el cual aborda la relaci\u00f3n entre las enfermedades y los niveles estructurales del material gen\u00e9tico y prote\u00ednas y el segundo liderado por la Universidad Nacional: <em><strong>&#8220;Introducci\u00f3n al an\u00e1lisis y visualizaci\u00f3n de datos empleando Python&#8221;,<\/strong><\/em> que brindar\u00e1 conceptos b\u00e1sicos del an\u00e1lisis de datos con enfoque en la estad\u00edstica descriptiva, an\u00e1lisis de datos exploratorios y visualizaci\u00f3n de datos usando el lenguaje de programaci\u00f3n Python.<\/p>\n\n\n\n<figure class=\"wp-block-image size-large\"><a href=\"https:\/\/www.ucm.edu.co\/wp-content\/uploads\/2023\/03\/Curso-Origen-en-Universidad-de-Caldas.jpeg\" target=\"_blank\" rel=\"noreferrer noopener\"><img decoding=\"async\" src=\"https:\/\/www.ucm.edu.co\/wp-content\/uploads\/2023\/03\/Curso-Origen-en-Universidad-de-Caldas-1024x576.jpeg\" alt=\"Pieza Publicitaria Curso Gratuito Proyecto Origen en Universidad de Caldas\" class=\"wp-image-207982\"\/><\/a><\/figure>\n\n\n\n<figure class=\"wp-block-image size-large\"><a href=\"https:\/\/www.ucm.edu.co\/wp-content\/uploads\/2023\/03\/Curso-Origen-en-Universidad-Nacional.jpeg\" target=\"_blank\" rel=\"noreferrer noopener\"><img decoding=\"async\" src=\"https:\/\/www.ucm.edu.co\/wp-content\/uploads\/2023\/03\/Curso-Origen-en-Universidad-Nacional-1024x576.jpeg\" alt=\"Pieza Publicitaria Curso Gratuito Proyecto Origen en Universidad Nacional\" class=\"wp-image-207983\"\/><\/a><\/figure>\n\n\n\n<p class=\"wp-block-paragraph\">Adem\u00e1s, la<strong> Universidad Cat\u00f3lica de Manizales<\/strong> ofrecer\u00e1 el curso virtual<strong> <em>&#8220;Factores de riesgo cardiovascular, envejecimiento y gen\u00e9tica&#8221;<\/em><\/strong>, que utiliza una plataforma tecnol\u00f3gica dise\u00f1ada para el aprendizaje aut\u00f3nomo de los estudiantes y busca ofrecer orientaci\u00f3n y soporte en el aprendizaje sobre factores de riesgo cardiovascular, envejecimiento y gen\u00e9tica.<\/p>\n\n\n\n<p class=\"wp-block-paragraph\">Los cursos son gratuitos y est\u00e1n dirigidos a profesionales y estudiantes de pregrado y posgrado que cursan carreras relacionadas con las \u00e1reas de la salud, ciencias biol\u00f3gicas, ingenier\u00edas y afines. Para los estudiantes de pregrado, se requiere haber cursado al menos el 75% de la malla curricular. Los interesados pueden inscribirse a trav\u00e9s de los links proporcionados en cada curso y estar atentos al inicio de los mismos:<\/p>\n\n\n\n<p class=\"wp-block-paragraph\">Curso Universidad de Caldas: <a href=\"https:\/\/forms.gle\/LRfqhdNs85JMU9ok6\">https:\/\/forms.gle\/LRfqhdNs85JMU9ok6<\/a><\/p>\n\n\n\n<p class=\"wp-block-paragraph\">Curso Universidad Nacional:&nbsp; <a href=\"https:\/\/forms.gle\/nmhw6tYT7eGtfurL7\">https:\/\/forms.gle\/nmhw6tYT7eGtfurL7<\/a><\/p>\n\n\n\n<p class=\"wp-block-paragraph\">Curso Universidad Cat\u00f3lica: <a href=\"https:\/\/forms.gle\/jxHvmGeeFSCVZbzS8\">https:\/\/forms.gle\/jxHvmGeeFSCVZbzS8<\/a><\/p>\n\n\n\n<p class=\"wp-block-paragraph\"><strong>Contactos e Informaci\u00f3n:<\/strong><\/p>\n\n\n\n<p class=\"wp-block-paragraph\">Dentro de este importante proyecto, pr\u00f3ximamente daremos a conocer m\u00e1s cursos relacionados con estas tem\u00e1ticas. Para m\u00e1s informaci\u00f3n pueden comunicarse a los siguientes contactos:<\/p>\n\n\n\n<p class=\"wp-block-paragraph\">&#8220;<strong>Curso Universidad de Caldas<\/strong><\/p>\n\n\n\n<p class=\"wp-block-paragraph\">Edwin David Morales<\/p>\n\n\n\n<p class=\"wp-block-paragraph\"><a href=\"mailto:edwin.morales@ucaldas.edu.co\">edwin.morales@ucaldas.edu.co<\/a>&#8220;<\/p>\n\n\n\n<p class=\"wp-block-paragraph\">&#8220;<strong>Curso Universidad Nacional<\/strong><\/p>\n\n\n\n<p class=\"wp-block-paragraph\">Jos\u00e9 Antonio Valencia<\/p>\n\n\n\n<p class=\"wp-block-paragraph\"><a href=\"mailto:javalenciaa@unal.edu.co\">javalenciaa@unal.edu.co<\/a>&#8220;<\/p>\n\n\n\n<p class=\"wp-block-paragraph\">&#8220;<strong>Curso Universidad Cat\u00f3lica<\/strong> de Manizales<\/p>\n\n\n\n<p class=\"wp-block-paragraph\">Jenny Lenith Ram\u00edrez<\/p>\n\n\n\n<p class=\"wp-block-paragraph\"><a href=\"mailto:jenramirez@ucm.edu.co\">jenramirez@ucm.edu.co<\/a>&#8220;<\/p>\n","protected":false},"excerpt":{"rendered":"<p>El Proyecto de Investigaci\u00f3n &#8220;Origen Colombiano&#8221; Cap\u00edtulo Caldas, ha anunciado su compromiso con la apropiaci\u00f3n social del conocimiento, mediante la oferta de cursos gratuitos a profesionales y estudiantes de \u00e1reas [&hellip;]<\/p>\n","protected":false},"author":2,"featured_media":207984,"comment_status":"open","ping_status":"open","sticky":false,"template":"","format":"standard","meta":{"_et_pb_use_builder":"","_et_pb_old_content":"","_et_gb_content_width":"","_monsterinsights_skip_tracking":false,"footnotes":""},"categories":[10],"tags":[15,16,17,18,19],"class_list":["post-207981","post","type-post","status-publish","format-standard","has-post-thumbnail","hentry","category-investigacion","tag-bios","tag-investigacion-ucm","tag-proyecto-origen","tag-ucm","tag-universidad-catolica-de-manizales"],"_links":{"self":[{"href":"https:\/\/ucm.edu.co\/intranet\/wp-json\/wp\/v2\/posts\/207981","targetHints":{"allow":["GET"]}}],"collection":[{"href":"https:\/\/ucm.edu.co\/intranet\/wp-json\/wp\/v2\/posts"}],"about":[{"href":"https:\/\/ucm.edu.co\/intranet\/wp-json\/wp\/v2\/types\/post"}],"author":[{"embeddable":true,"href":"https:\/\/ucm.edu.co\/intranet\/wp-json\/wp\/v2\/users\/2"}],"replies":[{"embeddable":true,"href":"https:\/\/ucm.edu.co\/intranet\/wp-json\/wp\/v2\/comments?post=207981"}],"version-history":[{"count":0,"href":"https:\/\/ucm.edu.co\/intranet\/wp-json\/wp\/v2\/posts\/207981\/revisions"}],"wp:attachment":[{"href":"https:\/\/ucm.edu.co\/intranet\/wp-json\/wp\/v2\/media?parent=207981"}],"wp:term":[{"taxonomy":"category","embeddable":true,"href":"https:\/\/ucm.edu.co\/intranet\/wp-json\/wp\/v2\/categories?post=207981"},{"taxonomy":"post_tag","embeddable":true,"href":"https:\/\/ucm.edu.co\/intranet\/wp-json\/wp\/v2\/tags?post=207981"}],"curies":[{"name":"wp","href":"https:\/\/api.w.org\/{rel}","templated":true}]}}