{"id":208061,"date":"2023-03-22T17:38:20","date_gmt":"2023-03-22T22:38:20","guid":{"rendered":"https:\/\/www.ucm.edu.co\/?p=208061"},"modified":"2023-03-22T17:38:20","modified_gmt":"2023-03-22T22:38:20","slug":"directores-de-investigacion-de-25-universidades-se-reunieron-con-rap-eje-cafetero-para-definir-compromisos-en-investigacion-para-los-ods","status":"publish","type":"post","link":"https:\/\/ucm.edu.co\/intranet\/directores-de-investigacion-de-25-universidades-se-reunieron-con-rap-eje-cafetero-para-definir-compromisos-en-investigacion-para-los-ods\/","title":{"rendered":"Directores de Investigaci\u00f3n de 25 universidades se reunieron con RAP Eje Cafetero para definir compromisos en Investigaci\u00f3n para los ODS"},"content":{"rendered":"\n<p class=\"wp-block-paragraph\">En el D\u00eda Mundial de la eliminaci\u00f3n de la discriminaci\u00f3n racial, la Regi\u00f3n Administrativa y de Planificaci\u00f3n RAP Eje Cafetero realiz\u00f3 &#8211; en coordinaci\u00f3n con las 25 Universidades de la Regi\u00f3n &#8211; el encuentro con\u00a0 Directores de Investigaci\u00f3n, evento que cont\u00f3 con una nutrida participaci\u00f3n de representantes y delegados de la Academia, quienes se reunieron para analizar en conjunto\u00a0 los alcances del Observatorio de Desarrollo Sostenible,\u00a0 as\u00ed como conocer de primera mano los instrumentos y resultados de informaci\u00f3n de los ODS que la RAP coloca a disposici\u00f3n de la Academia. En representaci\u00f3n de la <strong>Universidad Cat\u00f3lica de Manizales<\/strong> estuvo <strong>Eduardo Corp\u00e1s Iguar\u00e1n, Director de Investigaciones y Posgrados.<\/strong><\/p>\n\n\n\n<p class=\"wp-block-paragraph\">En el encuentro se establecieron una serie de compromisos institucionales, por parte de las Universidades participantes, sobre las \u00e1reas de Investigaci\u00f3n en ODS a escala regional.<\/p>\n\n\n\n<figure class=\"wp-block-image size-full\"><a href=\"https:\/\/www.ucm.edu.co\/wp-content\/uploads\/2023\/03\/Encuentro-Investigadores-Universidades-Eje-Cafetero.jpeg\" target=\"_blank\" rel=\"noreferrer noopener\"><img decoding=\"async\" src=\"https:\/\/www.ucm.edu.co\/wp-content\/uploads\/2023\/03\/Encuentro-Investigadores-Universidades-Eje-Cafetero.jpeg\" alt=\"\" class=\"wp-image-208063\"\/><\/a><\/figure>\n\n\n\n<p class=\"wp-block-paragraph\">A partir del mes de abril de 2023 la RAP Eje Cafetero se reunir\u00e1 con las Universidades participantes para efectos de realizar seguimiento a los trabajos que en materia de investigaci\u00f3n se adelantan desde las Alma M\u00e1ter, en cumplimiento a los ODS.<\/p>\n\n\n\n<p class=\"wp-block-paragraph\">Listado de Universidades participantes:<\/p>\n\n\n\n<p class=\"wp-block-paragraph\">Por el Sistema Universitario de Manizales (SUMA):<\/p>\n\n\n\n<ul class=\"wp-block-list\">\n<li>Universidad Aut\u00f3noma de Manizales<\/li>\n\n\n\n<li><strong>Universidad Cat\u00f3lica de Manizales<\/strong><\/li>\n\n\n\n<li>Universidad de Manizales<\/li>\n\n\n\n<li>Universidad Luis Amig\u00f3 Manizales<\/li>\n\n\n\n<li>Universidad de Caldas<\/li>\n\n\n\n<li>Universidad Nacional<\/li>\n\n\n\n<li>ESAP<\/li>\n<\/ul>\n\n\n\n<p class=\"wp-block-paragraph\">Universidades de la regi\u00f3n participantes:<\/p>\n\n\n\n<ul class=\"wp-block-list\">\n<li>Universidad Tecnol\u00f3gica de Pereira<\/li>\n\n\n\n<li>Universidad Libre<\/li>\n\n\n\n<li>Universidad Cat\u00f3lica de Pereira<\/li>\n\n\n\n<li>Fundaci\u00f3n Universitaria del \u00e1rea Andina<\/li>\n\n\n\n<li>CIAF Educaci\u00f3n superior<\/li>\n\n\n\n<li>Uniminuto corporaci\u00f3n Universitaria Minuto de Dios &#8211; Eje Cafetero<\/li>\n\n\n\n<li>Instituci\u00f3n Universitaria Visi\u00f3n de las Am\u00e9ricas<\/li>\n\n\n\n<li>Universidad del Quind\u00edo<\/li>\n\n\n\n<li>Universidad La Gran Colombia<\/li>\n\n\n\n<li>Uniminuto corporaci\u00f3n Universitaria Minuto de Dios &#8211; Tolima<\/li>\n\n\n\n<li>Universidad Cooperativa de Colombia<\/li>\n<\/ul>\n","protected":false},"excerpt":{"rendered":"<p>A partir del mes de abril de 2023 la RAP Eje Cafetero se reunir\u00e1 con las Universidades participantes para efectos de realizar seguimiento a los trabajos que en materia de investigaci\u00f3n se adelantan desde las Alma M\u00e1ter, en cumplimiento a los ODS.<\/p>\n","protected":false},"author":2,"featured_media":208062,"comment_status":"open","ping_status":"open","sticky":false,"template":"","format":"standard","meta":{"_et_pb_use_builder":"","_et_pb_old_content":"","_et_gb_content_width":"","_monsterinsights_skip_tracking":false,"footnotes":""},"categories":[10],"tags":[16,18,19],"class_list":["post-208061","post","type-post","status-publish","format-standard","has-post-thumbnail","hentry","category-investigacion","tag-investigacion-ucm","tag-ucm","tag-universidad-catolica-de-manizales"],"_links":{"self":[{"href":"https:\/\/ucm.edu.co\/intranet\/wp-json\/wp\/v2\/posts\/208061","targetHints":{"allow":["GET"]}}],"collection":[{"href":"https:\/\/ucm.edu.co\/intranet\/wp-json\/wp\/v2\/posts"}],"about":[{"href":"https:\/\/ucm.edu.co\/intranet\/wp-json\/wp\/v2\/types\/post"}],"author":[{"embeddable":true,"href":"https:\/\/ucm.edu.co\/intranet\/wp-json\/wp\/v2\/users\/2"}],"replies":[{"embeddable":true,"href":"https:\/\/ucm.edu.co\/intranet\/wp-json\/wp\/v2\/comments?post=208061"}],"version-history":[{"count":0,"href":"https:\/\/ucm.edu.co\/intranet\/wp-json\/wp\/v2\/posts\/208061\/revisions"}],"wp:attachment":[{"href":"https:\/\/ucm.edu.co\/intranet\/wp-json\/wp\/v2\/media?parent=208061"}],"wp:term":[{"taxonomy":"category","embeddable":true,"href":"https:\/\/ucm.edu.co\/intranet\/wp-json\/wp\/v2\/categories?post=208061"},{"taxonomy":"post_tag","embeddable":true,"href":"https:\/\/ucm.edu.co\/intranet\/wp-json\/wp\/v2\/tags?post=208061"}],"curies":[{"name":"wp","href":"https:\/\/api.w.org\/{rel}","templated":true}]}}