{"id":208066,"date":"2023-03-22T18:05:52","date_gmt":"2023-03-22T23:05:52","guid":{"rendered":"https:\/\/www.ucm.edu.co\/?p=208066"},"modified":"2023-03-22T18:05:52","modified_gmt":"2023-03-22T23:05:52","slug":"en-manizales-se-celebro-el-consejo-nacional-de-rectores-de-ascun","status":"publish","type":"post","link":"https:\/\/ucm.edu.co\/intranet\/en-manizales-se-celebro-el-consejo-nacional-de-rectores-de-ascun\/","title":{"rendered":"En Manizales se celebr\u00f3 el Consejo Nacional de Rectores de ASCUN"},"content":{"rendered":"\n<p class=\"wp-block-paragraph\">La Asociaci\u00f3n Colombiana de Universidades ASCUN, de la cual hacen parte cerca de 100 instituciones de educaci\u00f3n superior p\u00fablicas y privadas del pa\u00eds, se reuni\u00f3 en Manizales para celebrar el Consejo Nacional de Rectores.<\/p>\n\n\n\n<figure class=\"wp-block-image size-full is-resized\"><a href=\"https:\/\/www.ucm.edu.co\/wp-content\/uploads\/2023\/03\/WhatsApp-Image-2023-03-21-at-11.39.13-AM-2.jpeg\" target=\"_blank\" rel=\"noreferrer noopener\"><img loading=\"lazy\" decoding=\"async\" src=\"https:\/\/www.ucm.edu.co\/wp-content\/uploads\/2023\/03\/WhatsApp-Image-2023-03-21-at-11.39.13-AM-2.jpeg\" alt=\"\" class=\"wp-image-208069\" width=\"459\" height=\"306\"\/><\/a><\/figure>\n\n\n\n<p class=\"wp-block-paragraph\">Durante el encuentro realizado en el Centro Cultural Universitario Rogelio Salmona de la Universidad de Caldas, los Rectores generaron di\u00e1logos con el Ministro de Ciencia, Tecnolog\u00eda e Innovaci\u00f3n; Ministerio de Salud y Protecci\u00f3n social; y el Consejo Nacional de Acreditaci\u00f3n, con el fin de fortalecer el papel de las Universidades en los diferentes programas que en estas dependencias convergen, relacionados a recursos de regal\u00edas, convocatorias, reforma a la salud y el impacto de los procesos de aseguramiento.<\/p>\n\n\n\n<figure class=\"wp-block-image size-full\"><img decoding=\"async\" src=\"https:\/\/www.ucm.edu.co\/wp-content\/uploads\/2023\/03\/WhatsApp-Image-2023-03-21-at-5.38.03-PM-2.jpeg\" alt=\"\" class=\"wp-image-208070\"\/><figcaption class=\"wp-element-caption\">Panel de Rectores de SUMA, en el encuentro nacional de rectores de ASCUN<\/figcaption><\/figure>\n\n\n\n<p class=\"wp-block-paragraph\"><\/p>\n\n\n\n<div class=\"wp-block-media-text alignwide is-stacked-on-mobile\" style=\"grid-template-columns:21% auto\"><figure class=\"wp-block-media-text__media\"><a href=\"https:\/\/www.ucm.edu.co\/wp-content\/uploads\/2023\/03\/Hermana-Elizabeth-Caicedo.jpeg\" target=\"_blank\" rel=\"noreferrer noopener\"><img decoding=\"async\" src=\"https:\/\/www.ucm.edu.co\/wp-content\/uploads\/2023\/03\/Hermana-Elizabeth-Caicedo.jpeg\" alt=\"\" class=\"wp-image-208071 size-full\"\/><\/a><\/figure><div class=\"wp-block-media-text__content\">\n<p class=\"wp-block-paragraph\">Igualmente se tuvieron espacios para conferencias con temas como estrategia integral de cobertura con calidad, desaf\u00edos de la transformaci\u00f3n digital en la educaci\u00f3n superior y un panel con el Sistema Universitario de Manizales, SUMA, sobre experiencia regional de fortalecimiento del sistema mixto, el cual cont\u00f3 con la activa participaci\u00f3n de Hermana Elizabeth Caicedo, Rectora de la Universidad Cat\u00f3lica de Manizales.<\/p>\n<\/div><\/div>\n","protected":false},"excerpt":{"rendered":"<p>La Asociaci\u00f3n Colombiana de Universidades ASCUN, de la cual hacen parte cerca de 100 instituciones de educaci\u00f3n superior p\u00fablicas y privadas del pa\u00eds, se reuni\u00f3 en Manizales para celebrar el [&hellip;]<\/p>\n","protected":false},"author":2,"featured_media":208068,"comment_status":"open","ping_status":"open","sticky":false,"template":"","format":"standard","meta":{"_et_pb_use_builder":"","_et_pb_old_content":"","_et_gb_content_width":"","_monsterinsights_skip_tracking":false,"footnotes":""},"categories":[20],"tags":[70,21,18,19],"class_list":["post-208066","post","type-post","status-publish","format-standard","has-post-thumbnail","hentry","category-docencia","tag-ascun","tag-rectoria","tag-ucm","tag-universidad-catolica-de-manizales"],"_links":{"self":[{"href":"https:\/\/ucm.edu.co\/intranet\/wp-json\/wp\/v2\/posts\/208066","targetHints":{"allow":["GET"]}}],"collection":[{"href":"https:\/\/ucm.edu.co\/intranet\/wp-json\/wp\/v2\/posts"}],"about":[{"href":"https:\/\/ucm.edu.co\/intranet\/wp-json\/wp\/v2\/types\/post"}],"author":[{"embeddable":true,"href":"https:\/\/ucm.edu.co\/intranet\/wp-json\/wp\/v2\/users\/2"}],"replies":[{"embeddable":true,"href":"https:\/\/ucm.edu.co\/intranet\/wp-json\/wp\/v2\/comments?post=208066"}],"version-history":[{"count":0,"href":"https:\/\/ucm.edu.co\/intranet\/wp-json\/wp\/v2\/posts\/208066\/revisions"}],"wp:attachment":[{"href":"https:\/\/ucm.edu.co\/intranet\/wp-json\/wp\/v2\/media?parent=208066"}],"wp:term":[{"taxonomy":"category","embeddable":true,"href":"https:\/\/ucm.edu.co\/intranet\/wp-json\/wp\/v2\/categories?post=208066"},{"taxonomy":"post_tag","embeddable":true,"href":"https:\/\/ucm.edu.co\/intranet\/wp-json\/wp\/v2\/tags?post=208066"}],"curies":[{"name":"wp","href":"https:\/\/api.w.org\/{rel}","templated":true}]}}