{"id":208526,"date":"2023-04-14T15:57:14","date_gmt":"2023-04-14T20:57:14","guid":{"rendered":"https:\/\/www.ucm.edu.co\/?p=208526"},"modified":"2023-04-14T15:57:14","modified_gmt":"2023-04-14T20:57:14","slug":"alcaldia-de-villamaria-destaco-acompanamiento-de-profesora-ucm-maria-nancy-marin-ante-emergencia-del-volcan-nevado-del-ruiz","status":"publish","type":"post","link":"https:\/\/ucm.edu.co\/intranet\/alcaldia-de-villamaria-destaco-acompanamiento-de-profesora-ucm-maria-nancy-marin-ante-emergencia-del-volcan-nevado-del-ruiz\/","title":{"rendered":"Alcald\u00eda de Villamar\u00eda destac\u00f3 acompa\u00f1amiento de Profesora UCM Mar\u00eda Nancy Mar\u00edn, ante emergencia del Volc\u00e1n Nevado del Ru\u00edz"},"content":{"rendered":"\n<p class=\"wp-block-paragraph\">En medio de la emergencia que se presenta actualmente por el cambio de nivel de actividad del Volc\u00e1n Nevado del Ruiz, la Universidad Cat\u00f3lica de Manizales ha podido resaltar el trabajo que realiza John Makario Londo\u00f1o, director de Geoamenazas del Servicio Geol\u00f3gico Colombiano y profesor UCM, y de F\u00e9lix Ricardo Giraldo &#8211; Director de la Unidad de Gesti\u00f3n del Riesgo de Caldas, Graduado de la Especializaci\u00f3n en Prevenci\u00f3n, Reducci\u00f3n y Atenci\u00f3n de Desastres y actual estudiante de la Maestr\u00eda en Cambios Globales y Riesgo de Desastres, quienes desde sus organizaciones hacen frente a la situaci\u00f3n del Volc\u00e1n <a href=\"https:\/\/www.facebook.com\/ucatolicamanizales\/posts\/pfbid0cxcNnGWJ98b9nh4hr24uQjbsF7i8FfJXV1o8mHrEAhtjSDqwYoXUsYSXjjAAwoM1l\" target=\"_blank\" rel=\"noreferrer noopener\">(leer publicaci\u00f3n)<\/a><\/p>\n\n\n\n<figure class=\"wp-block-image size-full\"><a href=\"https:\/\/www.ucm.edu.co\/wp-content\/uploads\/2023\/04\/WhatsApp-Image-2023-04-14-at-3.51.04-PM.jpeg\" target=\"_blank\" rel=\"noreferrer noopener\"><img decoding=\"async\" src=\"https:\/\/www.ucm.edu.co\/wp-content\/uploads\/2023\/04\/WhatsApp-Image-2023-04-14-at-3.51.04-PM.jpeg\" alt=\"\" class=\"wp-image-208527\"\/><\/a><\/figure>\n\n\n\n<p class=\"wp-block-paragraph\">Ahora la Alcald\u00eda de Villamar\u00eda, a trav\u00e9s del Secretario de Educaci\u00f3n Municipal \u00c1lvaro Andr\u00e9s Mu\u00f1oz L\u00f3pez, \u00a0ha enviado una nota de agradecimiento a la UCM y a la <strong>directora de la Maestr\u00eda en Cambios Globales y Riesgo de Desastres, Mar\u00eda Nancy Mar\u00edn Olaya<\/strong>, quien ha jugado un rol fundamental dentro de la <strong>Mesa T\u00e9cnica de Gesti\u00f3n del Riesgo Escolar<\/strong>, con informaci\u00f3n veraz, actualizada, indicaciones precisas basadas en estudios del \u00e1rea y que han sido dirigidas a Instituciones Educativas P\u00fablicas y Privadas, sectores productivo y comercial, comit\u00e9 de asuntos religiosos, iglesias cat\u00f3licas y feligreses, desde el momento de la declaratoria de cambio de nivel de actividad y durante la Semana Santa.<\/p>\n\n\n\n<p class=\"wp-block-paragraph\">De acuerdo con el oficio enviado a la rector\u00eda UCM <strong>\u201cTodo este trabajo pudo ser posible gracias a la participaci\u00f3n de la Profesora Mar\u00eda Nancy, quien desde su conocimiento y gran experiencia lider\u00f3 y fue ponente en las distintas actividades realizadas por la Secretar\u00eda de Educaci\u00f3n de Villamar\u00eda\u201d.<\/strong><\/p>\n\n\n\n<figure class=\"wp-block-gallery has-nested-images columns-default is-cropped wp-block-gallery-1 is-layout-flex wp-block-gallery-is-layout-flex\">\n<figure class=\"wp-block-image size-large\"><a href=\"https:\/\/www.ucm.edu.co\/wp-content\/uploads\/2023\/04\/WhatsApp-Image-2023-04-14-at-3.51.02-PM.jpeg\" target=\"_blank\" rel=\"noreferrer noopener\"><img decoding=\"async\" data-id=\"208529\" src=\"https:\/\/www.ucm.edu.co\/wp-content\/uploads\/2023\/04\/WhatsApp-Image-2023-04-14-at-3.51.02-PM.jpeg\" alt=\"\" class=\"wp-image-208529\"\/><\/a><\/figure>\n\n\n\n<figure class=\"wp-block-image size-large\"><a href=\"https:\/\/www.ucm.edu.co\/wp-content\/uploads\/2023\/04\/WhatsApp-Image-2023-04-14-at-3.51.03-PM.jpeg\" target=\"_blank\" rel=\"noreferrer noopener\"><img decoding=\"async\" data-id=\"208528\" src=\"https:\/\/www.ucm.edu.co\/wp-content\/uploads\/2023\/04\/WhatsApp-Image-2023-04-14-at-3.51.03-PM.jpeg\" alt=\"\" class=\"wp-image-208528\"\/><\/a><\/figure>\n<\/figure>\n\n\n\n<p class=\"wp-block-paragraph\"><\/p>\n\n\n\n<p class=\"wp-block-paragraph\">Al respecto la directora de la Maestr\u00eda en Cambios Globales y Riesgo de Desastres manifest\u00f3: <em>\u201cdesde el momento de la declaratoria del cambio de nivel de actividad del Volc\u00e1n, estuve acompa\u00f1ando desde la Maestr\u00eda a la Secretar\u00eda de Educaci\u00f3n en la reuni\u00f3n extraordinaria realizada con Corpocaldas, Cuerpo de Bomberos, encargados de la Gesti\u00f3n del Riesgo Municipal y los rectores de cada una de las instituciones educativas p\u00fablicas y privadas, como urbanas y rurales, acompa\u00f1ados de los profesores encargados de ejecutar y actualizar los planes institucionales del riesgo, \u00a0con el objetivo de darles a conocer la situaci\u00f3n de emergencia volc\u00e1nica que se presenta particularmente en el municipio y el riesgo que eventualmente podr\u00eda correr algunos estudiantes y sedes educativas. Ha sido un trabajo enfocado en formar, informar, acompa\u00f1ar y de servicio a una comunidad que ha estado atenta al llamado a la prevenci\u00f3n que hemos hecho desde diferentes estamentos. Cabe resaltar en este trabajo realizado, el sello de responsabilidad social que tenemos quienes prestamos nuestro servicio en la Universidad Cat\u00f3lica de Manizales \u201d.<\/em><\/p>\n","protected":false},"excerpt":{"rendered":"<p>&#8220;Este trabajo realizado resalta el sello de responsabilidad social que tenemos quienes prestamos nuestro servicio en la Universidad Cat\u00f3lica de Manizales\u201d.<\/p>\n","protected":false},"author":2,"featured_media":208530,"comment_status":"open","ping_status":"open","sticky":false,"template":"","format":"standard","meta":{"_et_pb_use_builder":"","_et_pb_old_content":"","_et_gb_content_width":"","_monsterinsights_skip_tracking":false,"footnotes":""},"categories":[20],"tags":[100,44,18,19,101,99],"class_list":["post-208526","post","type-post","status-publish","format-standard","has-post-thumbnail","hentry","category-docencia","tag-alcaldia-de-villamaria","tag-maestria-en-cambios-globales-y-riesgo-de-desastres","tag-ucm","tag-universidad-catolica-de-manizales","tag-villamaria-caldas","tag-volcan-nevado-del-ruiz"],"_links":{"self":[{"href":"https:\/\/ucm.edu.co\/intranet\/wp-json\/wp\/v2\/posts\/208526","targetHints":{"allow":["GET"]}}],"collection":[{"href":"https:\/\/ucm.edu.co\/intranet\/wp-json\/wp\/v2\/posts"}],"about":[{"href":"https:\/\/ucm.edu.co\/intranet\/wp-json\/wp\/v2\/types\/post"}],"author":[{"embeddable":true,"href":"https:\/\/ucm.edu.co\/intranet\/wp-json\/wp\/v2\/users\/2"}],"replies":[{"embeddable":true,"href":"https:\/\/ucm.edu.co\/intranet\/wp-json\/wp\/v2\/comments?post=208526"}],"version-history":[{"count":0,"href":"https:\/\/ucm.edu.co\/intranet\/wp-json\/wp\/v2\/posts\/208526\/revisions"}],"wp:attachment":[{"href":"https:\/\/ucm.edu.co\/intranet\/wp-json\/wp\/v2\/media?parent=208526"}],"wp:term":[{"taxonomy":"category","embeddable":true,"href":"https:\/\/ucm.edu.co\/intranet\/wp-json\/wp\/v2\/categories?post=208526"},{"taxonomy":"post_tag","embeddable":true,"href":"https:\/\/ucm.edu.co\/intranet\/wp-json\/wp\/v2\/tags?post=208526"}],"curies":[{"name":"wp","href":"https:\/\/api.w.org\/{rel}","templated":true}]}}