{"id":208576,"date":"2023-04-18T18:07:35","date_gmt":"2023-04-18T23:07:35","guid":{"rendered":"https:\/\/www.ucm.edu.co\/?p=208576"},"modified":"2023-04-18T18:07:35","modified_gmt":"2023-04-18T23:07:35","slug":"investigadoras-ucm-fueron-reconocidas-en-iii-encuentro-de-investigacion-tendencias-de-investigacion-en-salud-en-la-universidad-de-caldas","status":"publish","type":"post","link":"https:\/\/ucm.edu.co\/intranet\/investigadoras-ucm-fueron-reconocidas-en-iii-encuentro-de-investigacion-tendencias-de-investigacion-en-salud-en-la-universidad-de-caldas\/","title":{"rendered":"Investigadoras UCM, reconocidas en III Encuentro \u201cTendencias de Investigaci\u00f3n en Salud\u201d en la Universidad de Caldas."},"content":{"rendered":"\n<p class=\"wp-block-paragraph\"><strong>En el evento organizado por la Facultad de Ciencias para la Salud, de la Universidad de Caldas<\/strong>, dos ponencias producto de investigadoras UCM de la Facultad de Ciencias de la Salud tuvieron participaci\u00f3n destacada, con una de ellas obteniendo un reconocimiento especial.<\/p>\n\n\n\n<div class=\"wp-block-media-text alignwide is-stacked-on-mobile\" style=\"grid-template-columns:20% auto\"><figure class=\"wp-block-media-text__media\"><a href=\"https:\/\/www.ucm.edu.co\/wp-content\/uploads\/2023\/04\/WhatsApp-Image-2023-04-18-at-5.52.32-PM.jpeg\" target=\"_blank\" rel=\"noreferrer noopener\"><img decoding=\"async\" src=\"https:\/\/www.ucm.edu.co\/wp-content\/uploads\/2023\/04\/WhatsApp-Image-2023-04-18-at-5.52.32-PM-770x1024.jpeg\" alt=\"\" class=\"wp-image-208577 size-full\"\/><\/a><\/figure><div class=\"wp-block-media-text__content\">\n<p class=\"wp-block-paragraph\">La primera ponencia UCM estuvo a cargo de la profesora investigadora del Programa de Enfermer\u00eda, Claudia Liliana Valencia Rico: &#8220;Entorno construido como predictor del temor a caer en personas mayores&#8221;.  All\u00ed socializ\u00f3 algunos de los resultados de su tesis doctoral. La tem\u00e1tica trabajada en la tesis tiene que ver con poblaci\u00f3n de personas mayores que presentan una condici\u00f3n geri\u00e1trica denominada &#8220;Temor a caer&#8221;. En el estudio se analiz\u00f3 esta condici\u00f3n desde las problem\u00e1ticas del entorno construido y tambi\u00e9n se analizaron los factores mediadores de la capacidad intr\u00ednseca (reservas f\u00edsicas, cognitivas, psicol\u00f3gicas, sensoriales y de vitalidad).<\/p>\n<\/div><\/div>\n\n\n\n<p class=\"wp-block-paragraph\"><\/p>\n\n\n\n<figure class=\"wp-block-image size-large is-resized\"><a href=\"https:\/\/www.ucm.edu.co\/wp-content\/uploads\/2023\/04\/WhatsApp-Image-2023-04-18-at-5.52.33-PM.jpeg\" target=\"_blank\" rel=\"noreferrer noopener\"><img loading=\"lazy\" decoding=\"async\" src=\"https:\/\/www.ucm.edu.co\/wp-content\/uploads\/2023\/04\/WhatsApp-Image-2023-04-18-at-5.52.33-PM-1024x771.jpeg\" alt=\"\" class=\"wp-image-208578\" width=\"525\" height=\"395\"\/><\/a><\/figure>\n\n\n\n<p class=\"wp-block-paragraph\"><\/p>\n\n\n\n<p class=\"wp-block-paragraph\">La siguiente ponencia UCM en el evento estuvo a cargo de las Investigadores:<\/p>\n\n\n\n<p class=\"wp-block-paragraph\"><strong>Leidy Yurany C\u00e1rdenas Parra (Grupo de Investigaci\u00f3n en Enfermer\u00eda Grien &#8211; Universidad Cat\u00f3lica de Manizales)<\/strong><\/p>\n\n\n\n<p class=\"wp-block-paragraph\"><strong>Ana Elisa Rojas Rodr\u00edguez (Grupo de Investigaci\u00f3n en Enfermedades Infecciosas Ginei &#8211; Universidad Cat\u00f3lica de Manizales)<\/strong><\/p>\n\n\n\n<p class=\"wp-block-paragraph\">Juan Manuel P\u00e9rez Agudelo (Universidad de Caldas)<\/p>\n\n\n\n<p class=\"wp-block-paragraph\">Jorge Enrique P\u00e9rez C\u00e1rdenas\u00a0 (Universidad de Caldas)<\/p>\n\n\n\n<figure class=\"wp-block-image size-full is-resized\"><img loading=\"lazy\" decoding=\"async\" src=\"https:\/\/www.ucm.edu.co\/wp-content\/uploads\/2023\/04\/Reconocimiento-Investigadoras-UCM.jpeg\" alt=\"Reconocimiento Investigadoras UCM\" class=\"wp-image-208581\" width=\"560\" height=\"483\"\/><\/figure>\n\n\n\n<p class=\"wp-block-paragraph\">El grupo, que tuvo un reconocimiento especial por la organizaci\u00f3n del evento, present\u00f3 las generalidades del Proyecto Determinaci\u00f3n de la expresi\u00f3n de los genes <em>ERG11, ERG3, CgSNQ2, CgCDR1<\/em>, asociados a la resistencia al fluconazol en cepas de <em>Candida glabrata.<\/em><\/p>\n\n\n\n<p class=\"wp-block-paragraph\">Las infecciones por <em>Candida glabrata <\/em>representan un problema de salud p\u00fablica, por su amplia distribuci\u00f3n como agente etiol\u00f3gico de infecciones en Am\u00e9rica Latina y por su dif\u00edcil manejo farmacol\u00f3gico derivado de la alta frecuencia de cepas resistentes al fluconazol, el principal antimic\u00f3tico del grupo de los azoles que sigue siendo el medicamento de primera elecci\u00f3n en la terap\u00e9utica de los diferentes tipos de candidiasis.<\/p>\n\n\n\n<figure class=\"wp-block-image size-full is-resized\"><img loading=\"lazy\" decoding=\"async\" src=\"https:\/\/www.ucm.edu.co\/wp-content\/uploads\/2023\/04\/WhatsApp-Image-2023-04-18-at-5.32.41-PM.jpeg\" alt=\"\" class=\"wp-image-208580\" width=\"368\" height=\"316\"\/><\/figure>\n\n\n\n<p class=\"wp-block-paragraph\">El estudio de los mecanismos moleculares de resistencia es un pilar fundamental que permite ampliar el referente te\u00f3rico-cient\u00edfico y a partir de \u00e9ste, los profesionales encargados de la elecci\u00f3n terap\u00e9utica, tomen decisiones m\u00e1s eficaces en el marco de lo propuesto por la Pol\u00edtica Farmac\u00e9utica Nacional (PFN) sobre el uso racional de los medicamentos, siempre enmarcados en el prop\u00f3sito de cumplir con los objetivos terap\u00e9uticos y mejorar la salud de la poblaci\u00f3n.<\/p>\n","protected":false},"excerpt":{"rendered":"<p>El Proyecto en el que participan las profesoras Ana Elisa Rojas Rodr\u00edguez  y Leidy Yurany C\u00e1rdenas se denomina &#8220;Determinaci\u00f3n de la expresi\u00f3n de los genes ERG11, ERG3, CgSNQ2, CgCDR1, asociados a la resistencia al fluconazol en cepas de Candida glabrata&#8221;. <\/p>\n","protected":false},"author":2,"featured_media":208581,"comment_status":"open","ping_status":"open","sticky":false,"template":"","format":"standard","meta":{"_et_pb_use_builder":"","_et_pb_old_content":"","_et_gb_content_width":"","_monsterinsights_skip_tracking":false,"footnotes":""},"categories":[20,10],"tags":[55,39,60,16,109,18,19],"class_list":["post-208576","post","type-post","status-publish","format-standard","has-post-thumbnail","hentry","category-docencia","category-investigacion","tag-bacteriologia","tag-bacteriologia-ucm","tag-enfermeria-ucm","tag-investigacion-ucm","tag-investigadores-ucm","tag-ucm","tag-universidad-catolica-de-manizales"],"_links":{"self":[{"href":"https:\/\/ucm.edu.co\/intranet\/wp-json\/wp\/v2\/posts\/208576","targetHints":{"allow":["GET"]}}],"collection":[{"href":"https:\/\/ucm.edu.co\/intranet\/wp-json\/wp\/v2\/posts"}],"about":[{"href":"https:\/\/ucm.edu.co\/intranet\/wp-json\/wp\/v2\/types\/post"}],"author":[{"embeddable":true,"href":"https:\/\/ucm.edu.co\/intranet\/wp-json\/wp\/v2\/users\/2"}],"replies":[{"embeddable":true,"href":"https:\/\/ucm.edu.co\/intranet\/wp-json\/wp\/v2\/comments?post=208576"}],"version-history":[{"count":0,"href":"https:\/\/ucm.edu.co\/intranet\/wp-json\/wp\/v2\/posts\/208576\/revisions"}],"wp:attachment":[{"href":"https:\/\/ucm.edu.co\/intranet\/wp-json\/wp\/v2\/media?parent=208576"}],"wp:term":[{"taxonomy":"category","embeddable":true,"href":"https:\/\/ucm.edu.co\/intranet\/wp-json\/wp\/v2\/categories?post=208576"},{"taxonomy":"post_tag","embeddable":true,"href":"https:\/\/ucm.edu.co\/intranet\/wp-json\/wp\/v2\/tags?post=208576"}],"curies":[{"name":"wp","href":"https:\/\/api.w.org\/{rel}","templated":true}]}}