{"id":217108,"date":"2022-06-08T08:26:53","date_gmt":"2022-06-08T13:26:53","guid":{"rendered":"https:\/\/www.ucm.edu.co\/?p=201068"},"modified":"2025-05-14T08:31:16","modified_gmt":"2025-05-14T13:31:16","slug":"940-estudiantes-conocieron-la-oferta-academica-de-la-universidad-en-expoucm","status":"publish","type":"post","link":"https:\/\/ucm.edu.co\/intranet\/940-estudiantes-conocieron-la-oferta-academica-de-la-universidad-en-expoucm\/","title":{"rendered":"940 estudiantes conocieron la oferta acad\u00e9mica de la Universidad en ExpoUCM"},"content":{"rendered":"\n<p class=\"wp-block-paragraph\"><strong>940 estudiantes<\/strong>&nbsp;de 18 instituciones educativas de Manizales y sus alrededores visitaron la Universidad Cat\u00f3lica de Manizales para conocer, de primera mano, los programas acad\u00e9micos que ofrece la UCM a todos los j\u00f3venes.<\/p>\n\n\n\n<p class=\"wp-block-paragraph\">El evento&nbsp;<strong>ExpoUCM<\/strong>, llevado a cabo este 6 de junio de 2022, fue la oportunidad para que los estudiantes de grado once tuvieran un acercamiento a las actividades que realizan y los instrumentos que utilizan los pr\u00f3ximos profesionales en Bacteriolog\u00eda, Enfermer\u00eda, Administraci\u00f3n de Empresas Tur\u00edsticas, Licenciatura en Matem\u00e1ticas y F\u00edsica, Licenciatura en Tecnolog\u00eda e Inform\u00e1tica, Ingenier\u00eda Ambiental, Arquitectura y Publicidad.<\/p>\n\n\n\n<p class=\"wp-block-paragraph\">Adicionalmente, los estudiantes conocieron los programas de bienestar que ofrece la UCM, tuvieron una charla de orientaci\u00f3n vocacional, recibieron informaci\u00f3n sobre los programas de internacionalizaci\u00f3n y realizaron un recorrido por las instalaciones de la Universidad.<\/p>\n\n\n\n<figure class=\"wp-block-gallery has-nested-images columns-default is-cropped wp-block-gallery-1 is-layout-flex wp-block-gallery-is-layout-flex\">\n<figure class=\"wp-block-image size-large\"><img decoding=\"async\" data-id=\"201062\" src=\"https:\/\/ucm.edu.co\/intranet\/wp-content\/uploads\/2025\/05\/WhatsApp-Image-2022-06-07-at-6.39.43-PM-3.jpeg\" alt=\"Estudiantes observan por el microscopio diferentes microorganismos en su visita a la UCM\" class=\"wp-image-201062\" \/><\/figure>\n\n\n\n<figure class=\"wp-block-image size-large\"><img decoding=\"async\" data-id=\"201060\" src=\"https:\/\/ucm.edu.co\/intranet\/wp-content\/uploads\/2025\/05\/WhatsApp-Image-2022-06-07-at-6.39.44-PM.jpeg\" alt=\"Profesora de Enfermer\u00eda le explica a estudiantes c\u00f3mo funcionan los simuladores del programa de Enfermer\u00eda\" class=\"wp-image-201060\" \/><\/figure>\n\n\n\n<figure class=\"wp-block-image size-large\"><img decoding=\"async\" data-id=\"201063\" src=\"https:\/\/ucm.edu.co\/intranet\/wp-content\/uploads\/2025\/05\/WhatsApp-Image-2022-06-07-at-6.39.43-PM-2.jpeg\" alt=\"Estudiantes realizan pruebas en el estudio de radio. En la imagen se ven a varias de ellas como locutoras, mientras sus compa\u00f1eras las acompa\u00f1an\" class=\"wp-image-201063\" \/><\/figure>\n<\/figure>\n\n\n\n<p class=\"wp-block-paragraph\"><\/p>\n\n\n\n<h2 class=\"wp-block-heading\"><strong>Opiniones<\/strong><\/h2>\n\n\n\n<p class=\"wp-block-paragraph\"><strong>Jorge Hern\u00e1n Vallejo Ocampo, auxiliar de Mercadeo de la UCM:<\/strong>&nbsp;Este espacio es muy importante para los estudiantes de grado 11 de Manizales y sus alrededores, porque son ellos los que toman la decisi\u00f3n frente a su futuro. Por eso, como Instituci\u00f3n pretendemos informar y brindar herramientas para ampliar su panorama frente a los programas acad\u00e9micos que brindan las universidades, puedan tomar la mejor decisi\u00f3n y ser quien quieren ser en la UCM.<\/p>\n\n\n\n<p class=\"wp-block-paragraph\"><strong>Valentina Giraldo Quintero, estudiante Colegio Nuestra Se\u00f1ora del Rosario:<\/strong>&nbsp;\u201cMe gustaron mucho las instalaciones de la Universidad. Las carreras que m\u00e1s me gustaron fueron Bacteriolog\u00eda y Enfermer\u00eda. Adem\u00e1s, como nos ense\u00f1an y nos informan qu\u00e9 tiene cada carrera durante el recorrido, uno se divierte aprendiendo y conociendo de qu\u00e9 se trata\u201d.<\/p>\n\n\n\n<p class=\"wp-block-paragraph\"><strong>Cristian Rodrigo Castro, profesor Colegio Campestre de Armenia:<\/strong>&nbsp;\u201cMuchos de nuestros estudiantes est\u00e1n interesados en estudiar en alguna universidad de Manizales. Ellos han tenido la oportunidad de revisar la oferta de cada una de ellas. A nivel acad\u00e9mico, la UCM es muy interesante. Algunos de nuestros estudiantes est\u00e1n muy interesados en carreras de esta Universidad, y por eso, este espacio les ayudar\u00e1 en su decisi\u00f3n\u201d.<\/p>\n\n\n\n<figure class=\"wp-block-gallery has-nested-images columns-default is-cropped wp-block-gallery-2 is-layout-flex wp-block-gallery-is-layout-flex\">\n<figure class=\"wp-block-image size-large\"><img decoding=\"async\" data-id=\"201066\" src=\"https:\/\/ucm.edu.co\/intranet\/wp-content\/uploads\/2025\/05\/WhatsApp-Image-2022-06-07-at-6.39.44-PM-1-1.jpeg\" alt=\"Estudiantes de diferentes colegios escuchan al gu\u00eda de la UCM, quien les muestra las instalaciones de la universidad. En este caso el gimnasio\" class=\"wp-image-201066\" \/><\/figure>\n\n\n\n<figure class=\"wp-block-image size-large\"><img decoding=\"async\" data-id=\"201064\" src=\"https:\/\/ucm.edu.co\/intranet\/wp-content\/uploads\/2025\/05\/WhatsApp-Image-2022-06-07-at-6.39.43-PM-1.jpeg\" alt=\"Estudiantes miran las maquetas de diferentes edificaciones mientras les explican qu\u00e9 es el programa de Arquitectura\" class=\"wp-image-201064\" \/><\/figure>\n\n\n\n<figure class=\"wp-block-image size-large\"><img decoding=\"async\" data-id=\"201061\" src=\"https:\/\/ucm.edu.co\/intranet\/wp-content\/uploads\/2025\/05\/WhatsApp-Image-2022-06-07-at-6.39.43-PM-4.jpeg\" alt=\"Estudiantes utilizan implementos de Ingenier\u00eda Ambiental para medici\u00f3n de superficies\" class=\"wp-image-201061\" \/><\/figure>\n<\/figure>\n","protected":false},"excerpt":{"rendered":"<p>ExpoUCM fue la oportunidad para que los estudiantes de grado once tuvieran un acercamiento con los programas acad\u00e9micos que ofrece la UCM y les ayude a toman la mejor decisi\u00f3n frente a su futuro.<\/p>\n","protected":false},"author":2,"featured_media":217109,"comment_status":"open","ping_status":"open","sticky":false,"template":"","format":"standard","meta":{"_et_pb_use_builder":"","_et_pb_old_content":"","_et_gb_content_width":"","_monsterinsights_skip_tracking":false,"footnotes":""},"categories":[7,20,34],"tags":[510,511],"class_list":["post-217108","post","type-post","status-publish","format-standard","has-post-thumbnail","hentry","category-bienestar","category-docencia","category-internacionalizacion","tag-colegios-de-manizales","tag-expoucm"],"_links":{"self":[{"href":"https:\/\/ucm.edu.co\/intranet\/wp-json\/wp\/v2\/posts\/217108","targetHints":{"allow":["GET"]}}],"collection":[{"href":"https:\/\/ucm.edu.co\/intranet\/wp-json\/wp\/v2\/posts"}],"about":[{"href":"https:\/\/ucm.edu.co\/intranet\/wp-json\/wp\/v2\/types\/post"}],"author":[{"embeddable":true,"href":"https:\/\/ucm.edu.co\/intranet\/wp-json\/wp\/v2\/users\/2"}],"replies":[{"embeddable":true,"href":"https:\/\/ucm.edu.co\/intranet\/wp-json\/wp\/v2\/comments?post=217108"}],"version-history":[{"count":1,"href":"https:\/\/ucm.edu.co\/intranet\/wp-json\/wp\/v2\/posts\/217108\/revisions"}],"predecessor-version":[{"id":217116,"href":"https:\/\/ucm.edu.co\/intranet\/wp-json\/wp\/v2\/posts\/217108\/revisions\/217116"}],"wp:featuredmedia":[{"embeddable":true,"href":"https:\/\/ucm.edu.co\/intranet\/wp-json\/wp\/v2\/media\/217109"}],"wp:attachment":[{"href":"https:\/\/ucm.edu.co\/intranet\/wp-json\/wp\/v2\/media?parent=217108"}],"wp:term":[{"taxonomy":"category","embeddable":true,"href":"https:\/\/ucm.edu.co\/intranet\/wp-json\/wp\/v2\/categories?post=217108"},{"taxonomy":"post_tag","embeddable":true,"href":"https:\/\/ucm.edu.co\/intranet\/wp-json\/wp\/v2\/tags?post=217108"}],"curies":[{"name":"wp","href":"https:\/\/api.w.org\/{rel}","templated":true}]}}