{"id":219608,"date":"2025-08-11T12:02:38","date_gmt":"2025-08-11T17:02:38","guid":{"rendered":"https:\/\/www.ucm.edu.co\/?p=225987"},"modified":"2025-08-12T16:08:43","modified_gmt":"2025-08-12T21:08:43","slug":"turismo-comunitario-en-el-amazonas-avanza-con-el-liderazgo-de-la-ucm","status":"publish","type":"post","link":"https:\/\/ucm.edu.co\/intranet\/turismo-comunitario-en-el-amazonas-avanza-con-el-liderazgo-de-la-ucm\/","title":{"rendered":"Turismo comunitario en el Amazonas avanza con el liderazgo de la UCM"},"content":{"rendered":"\n<p>La comunidad ind\u00edgena y no ind\u00edgena del corregimiento de La Pedrera, en el Amazonas, culmin\u00f3 entre el 28 de julio y el 9 de agosto el segundo ciclo de formaci\u00f3n y acompa\u00f1amiento para el fortalecimiento del turismo comunitario en la regi\u00f3n del Bajo Caquet\u00e1, como parte del proyecto social de desarrollo:<em> \u201cTurismo comunitario como estrategia de conservaci\u00f3n y empoderamiento local de los habitantes de la Vereda Madro\u00f1o, Amazonia Colombiana\u201d, <\/em>liderado por la Universidad Cat\u00f3lica de Manizales y la <a href=\"https:\/\/www.conservation.org.co\/\">Fundaci\u00f3n Conservaci\u00f3n Internacional Colombia.<\/a><\/p>\n\n\n\n<p>Durante este periodo, los participantes asistieron a 12 talleres de formaci\u00f3n y actividades que consolidaron las experiencias y productos tur\u00edsticos creados por la comunidad, y fortalecieron sus capacidades para ofrecer servicios de calidad con identidad cultural y compromiso con la conservaci\u00f3n ambiental.<\/p>\n\n\n\n<p>Los encuentros abordaron temas esenciales como costeo tur\u00edstico, marketing, servicio al cliente, log\u00edstica, operaci\u00f3n tur\u00edstica, legislaci\u00f3n y gobernanza. Cada espacio mantuvo el enfoque del turismo comunitario, donde la cultura, el territorio y la participaci\u00f3n activa de los habitantes se reconocen como pilares fundamentales.<\/p>\n\n\n\n<p><\/p>\n\n\n\n<div class=\"wp-block-columns is-layout-flex wp-container-core-columns-is-layout-9d6595d7 wp-block-columns-is-layout-flex\">\n<div class=\"wp-block-column is-layout-flow wp-block-column-is-layout-flow\">\n<figure class=\"wp-block-image aligncenter size-full\"><img decoding=\"async\" src=\"https:\/\/ucm.edu.co\/intranet\/wp-content\/uploads\/2025\/08\/ucm-comunitario.jpg\" alt=\"\" class=\"wp-image-225991\" \/><\/figure>\n<\/div>\n\n\n\n<div class=\"wp-block-column is-layout-flow wp-block-column-is-layout-flow\">\n<figure class=\"wp-block-image aligncenter size-full\"><img decoding=\"async\" src=\"https:\/\/ucm.edu.co\/intranet\/wp-content\/uploads\/2025\/08\/ucm-turismo-caqueta.jpg\" alt=\"\" class=\"wp-image-225992\" \/><\/figure>\n<\/div>\n<\/div>\n\n\n\n<p><\/p>\n\n\n\n<h2 class=\"wp-block-heading\">Turismo comunitario con sello UCM<\/h2>\n\n\n\n<p>El acompa\u00f1amiento de los profesores del <a href=\"https:\/\/www.ucm.edu.co\/programa\/administracion-de-empresas-turisticas\/\">programa de Administraci\u00f3n de Empresas Tur\u00edsticas<\/a> result\u00f3 clave para asegurar la pertinencia de los contenidos, mantener la conexi\u00f3n directa con las necesidades de la comunidad y resaltar el liderazgo de una estudiante del programa, quien aport\u00f3 en el dise\u00f1o y ejecuci\u00f3n de las actividades con su visi\u00f3n acad\u00e9mica y compromiso social.<\/p>\n\n\n\n<p>Este segundo ciclo fortaleci\u00f3 conocimientos y afianz\u00f3 el sentido de pertenencia hacia las iniciativas tur\u00edsticas locales. La experiencia confirm\u00f3 que el turismo comunitario se consolida como una herramienta para promover el desarrollo local, preservar la cultura y gestionar de manera sostenible el territorio amaz\u00f3nico.<\/p>\n\n\n\n<p>El proceso reafirma que el turismo comunitario representa una oportunidad para que las comunidades amaz\u00f3nicas fortalezcan su econom\u00eda, preserven su cultura y protejan su territorio, consolidando a la UCM y a la Fundaci\u00f3n Conservaci\u00f3n Internacional Colombia como aliados estrat\u00e9gicos en la construcci\u00f3n de un desarrollo sostenible con identidad local.<\/p>\n\n\n\n<p><\/p>\n\n\n\n<div class=\"wp-block-columns is-layout-flex wp-container-core-columns-is-layout-9d6595d7 wp-block-columns-is-layout-flex\">\n<div class=\"wp-block-column is-layout-flow wp-block-column-is-layout-flow\">\n<figure class=\"wp-block-gallery has-nested-images columns-default is-cropped wp-block-gallery-1 is-layout-flex wp-block-gallery-is-layout-flex\">\n<figure class=\"wp-block-image aligncenter size-large\"><img decoding=\"async\" data-id=\"225993\" src=\"https:\/\/ucm.edu.co\/intranet\/wp-content\/uploads\/2025\/08\/ucm-actividad-caqueta.jpg\" alt=\"\" class=\"wp-image-225993\" \/><\/figure>\n<\/figure>\n<\/div>\n\n\n\n<div class=\"wp-block-column is-layout-flow wp-block-column-is-layout-flow\">\n<figure class=\"wp-block-image aligncenter size-full\"><img decoding=\"async\" src=\"https:\/\/ucm.edu.co\/intranet\/wp-content\/uploads\/2025\/08\/ucm-turismo-caqueta-actividad.jpg\" alt=\"\" class=\"wp-image-225994\" \/><\/figure>\n<\/div>\n<\/div>\n\n\n\n<p><\/p>\n\n\n\n<p>Tambi\u00e9n podr\u00eda interesarte: <a href=\"https:\/\/www.ucm.edu.co\/ucm-aporto-a-la-reflexion-sobre-paz-memoria-y-realidad-social-en-cali\/\"><em>https:\/\/www.ucm.edu.co\/ucm-aporto-a-la-reflexion-sobre-paz-memoria-y-realidad-social-en-cali\/<\/em><\/a><\/p>\n","protected":false},"excerpt":{"rendered":"<p>La comunidad de La Pedrera, en el Amazonas, finaliz\u00f3 un ciclo de formaci\u00f3n en turismo comunitario liderado por la UCM y la Fundaci\u00f3n Conservaci\u00f3n Internacional Colombia para fortalecer iniciativas sostenibles con identidad cultural y cuidado del territorio.<\/p>\n","protected":false},"author":2,"featured_media":219609,"comment_status":"closed","ping_status":"open","sticky":false,"template":"","format":"standard","meta":{"_et_pb_use_builder":"","_et_pb_old_content":"","_et_gb_content_width":"","_monsterinsights_skip_tracking":false,"_monsterinsights_sitenote_active":false,"_monsterinsights_sitenote_note":"","_monsterinsights_sitenote_category":0,"footnotes":""},"categories":[29],"tags":[102,527,529],"class_list":["post-219608","post","type-post","status-publish","format-standard","has-post-thumbnail","hentry","category-proyeccion","tag-administracion-de-empresas-turisticas","tag-fundacion-conservacion-internacional-colombia","tag-turismo-comunitario"],"_links":{"self":[{"href":"https:\/\/ucm.edu.co\/intranet\/wp-json\/wp\/v2\/posts\/219608","targetHints":{"allow":["GET"]}}],"collection":[{"href":"https:\/\/ucm.edu.co\/intranet\/wp-json\/wp\/v2\/posts"}],"about":[{"href":"https:\/\/ucm.edu.co\/intranet\/wp-json\/wp\/v2\/types\/post"}],"author":[{"embeddable":true,"href":"https:\/\/ucm.edu.co\/intranet\/wp-json\/wp\/v2\/users\/2"}],"replies":[{"embeddable":true,"href":"https:\/\/ucm.edu.co\/intranet\/wp-json\/wp\/v2\/comments?post=219608"}],"version-history":[{"count":3,"href":"https:\/\/ucm.edu.co\/intranet\/wp-json\/wp\/v2\/posts\/219608\/revisions"}],"predecessor-version":[{"id":219665,"href":"https:\/\/ucm.edu.co\/intranet\/wp-json\/wp\/v2\/posts\/219608\/revisions\/219665"}],"wp:featuredmedia":[{"embeddable":true,"href":"https:\/\/ucm.edu.co\/intranet\/wp-json\/wp\/v2\/media\/219609"}],"wp:attachment":[{"href":"https:\/\/ucm.edu.co\/intranet\/wp-json\/wp\/v2\/media?parent=219608"}],"wp:term":[{"taxonomy":"category","embeddable":true,"href":"https:\/\/ucm.edu.co\/intranet\/wp-json\/wp\/v2\/categories?post=219608"},{"taxonomy":"post_tag","embeddable":true,"href":"https:\/\/ucm.edu.co\/intranet\/wp-json\/wp\/v2\/tags?post=219608"}],"curies":[{"name":"wp","href":"https:\/\/api.w.org\/{rel}","templated":true}]}}