{"id":220116,"date":"2025-08-25T15:55:30","date_gmt":"2025-08-25T20:55:30","guid":{"rendered":"https:\/\/www.ucm.edu.co\/?p=226828"},"modified":"2025-08-25T18:10:44","modified_gmt":"2025-08-25T23:10:44","slug":"ucm-acompano-la-conmemoracion-de-los-25-anos-de-la-toma-guerrillera-en-arboleda-pensilvania","status":"publish","type":"post","link":"https:\/\/ucm.edu.co\/intranet\/ucm-acompano-la-conmemoracion-de-los-25-anos-de-la-toma-guerrillera-en-arboleda-pensilvania\/","title":{"rendered":"Conmemoraci\u00f3n de 25 a\u00f1os en Arboleda, Pensilvania cont\u00f3 con la UCM"},"content":{"rendered":"\n<p>El 24 y 25 de julio la Universidad Cat\u00f3lica de Manizales (UCM) en articulaci\u00f3n con la <a href=\"https:\/\/caldas.gov.co\/\">Gobernaci\u00f3n de Caldas<\/a> acompa\u00f1\u00f3 la conmemoraci\u00f3n de los 25 a\u00f1os de la toma guerrillera en el corregimiento de Arboleda en el municipio de Pensilvania, un espacio de memoria hist\u00f3rica y reconciliaci\u00f3n al que asistieron familiares de polic\u00edas que murieron en la incursi\u00f3n armada y ex polic\u00edas que sobrevivieron a esa acci\u00f3n violenta.<\/p>\n\n\n\n<p>Como preparaci\u00f3n para este encuentro la Universidad convoc\u00f3 cuatro sesiones en su sede con familiares de las v\u00edctimas y ex polic\u00edas sobrevivientes con el prop\u00f3sito de acompa\u00f1arlos en el proceso de retorno al corregimiento despu\u00e9s de 25 a\u00f1os, en dichos espacios se compartieron recuerdos sobre aquel hecho, se expresaron emociones que a\u00fan permanecen y se reflexion\u00f3 sobre lo que implicaba volver a un lugar que hab\u00eda representado dolor, p\u00e9rdida y tristeza para todos los participantes.<\/p>\n\n\n\n<p>La jornada en Arboleda permiti\u00f3 abrir un escenario de di\u00e1logo donde las familias y los sobrevivientes honraron la memoria de quienes perdieron la vida y relataron las huellas que dej\u00f3 aquel episodio, al mismo tiempo se abri\u00f3 la posibilidad de resignificar los recuerdos y reconocer que aunque el acontecimiento fue doloroso la memoria puede convertirse en un punto de encuentro que favorezca la reconstrucci\u00f3n del tejido social.<\/p>\n\n\n\n<h2 class=\"wp-block-heading\">UCM por la reconciliaci\u00f3n<\/h2>\n\n\n\n<p>El regreso a Arboleda mostr\u00f3 que la memoria no se limita a recordar hechos dolorosos, tambi\u00e9n invita a crear nuevos significados en comunidad, al compartir vivencias se fortalecieron lazos de confianza y se reafirm\u00f3 que la resiliencia de las personas puede transformar la historia en una oportunidad para sembrar esperanza y reconciliaci\u00f3n en el territorio.<\/p>\n\n\n\n<p>La participaci\u00f3n de la Universidad Cat\u00f3lica de Manizales en esta conmemoraci\u00f3n reafirm\u00f3 su compromiso con la construcci\u00f3n de paz y con el acompa\u00f1amiento a las comunidades, adem\u00e1s fortaleci\u00f3 su prop\u00f3sito de apoyar iniciativas que buscan sanar heridas a trav\u00e9s de la memoria, una experiencia que no solo evoc\u00f3 un cap\u00edtulo dif\u00edcil de la historia del pa\u00eds sino que tambi\u00e9n marc\u00f3 el inicio de nuevas reflexiones sobre la dignificaci\u00f3n, la escucha y la reconciliaci\u00f3n colectiva frente al conflicto armado.<\/p>\n\n\n\n<p><\/p>\n\n\n\n<div class=\"wp-block-columns is-layout-flex wp-container-core-columns-is-layout-9d6595d7 wp-block-columns-is-layout-flex\">\n<div class=\"wp-block-column is-layout-flow wp-block-column-is-layout-flow\">\n<figure class=\"wp-block-gallery has-nested-images columns-default is-cropped wp-block-gallery-1 is-layout-flex wp-block-gallery-is-layout-flex\">\n<figure class=\"wp-block-image size-large\"><img decoding=\"async\" data-id=\"226832\" src=\"https:\/\/ucm.edu.co\/intranet\/wp-content\/uploads\/2025\/08\/ucm-conmemoracion-arboleda.jpg\" alt=\"\" class=\"wp-image-226832\" \/><\/figure>\n<\/figure>\n<\/div>\n\n\n\n<div class=\"wp-block-column is-layout-flow wp-block-column-is-layout-flow\">\n<figure class=\"wp-block-image size-large\"><img decoding=\"async\" src=\"https:\/\/ucm.edu.co\/intranet\/wp-content\/uploads\/2025\/08\/ucm-jornada-arboleda.jpg\" alt=\"\" class=\"wp-image-226831\" \/><\/figure>\n<\/div>\n<\/div>\n\n\n\n<p><\/p>\n\n\n\n<p>Tambi\u00e9n podr\u00eda interesarte: <a href=\"https:\/\/www.ucm.edu.co\/con-exposicion-bordando-la-memoria-mujeres-resignificaron-su-historia-en-la-ucm\/\"><em>https:\/\/www.ucm.edu.co\/con-exposicion-bordando-la-memoria-mujeres-resignificaron-su-historia-en-la-ucm\/<\/em><\/a><\/p>\n","protected":false},"excerpt":{"rendered":"<p>Los encuentros previos realizados en la UCM con familiares y sobrevivientes resultaron clave para que el regreso a Arboleda se viviera con serenidad y apertura al di\u00e1logo, pues all\u00ed se compartieron recuerdos, emociones y reflexiones que prepararon a los participantes para afrontar el peso simb\u00f3lico de volver al lugar de la toma guerrillera.<\/p>\n","protected":false},"author":2,"featured_media":220117,"comment_status":"closed","ping_status":"open","sticky":false,"template":"","format":"standard","meta":{"_et_pb_use_builder":"","_et_pb_old_content":"","_et_gb_content_width":"","_monsterinsights_skip_tracking":false,"_monsterinsights_sitenote_active":false,"_monsterinsights_sitenote_note":"","_monsterinsights_sitenote_category":0,"footnotes":""},"categories":[301],"tags":[708,709,710],"class_list":["post-220116","post","type-post","status-publish","format-standard","has-post-thumbnail","hentry","category-nucleo-de-memoria-y-paz","tag-caldas","tag-conmemoracion","tag-toma-guerrillera-arboleda"],"_links":{"self":[{"href":"https:\/\/ucm.edu.co\/intranet\/wp-json\/wp\/v2\/posts\/220116","targetHints":{"allow":["GET"]}}],"collection":[{"href":"https:\/\/ucm.edu.co\/intranet\/wp-json\/wp\/v2\/posts"}],"about":[{"href":"https:\/\/ucm.edu.co\/intranet\/wp-json\/wp\/v2\/types\/post"}],"author":[{"embeddable":true,"href":"https:\/\/ucm.edu.co\/intranet\/wp-json\/wp\/v2\/users\/2"}],"replies":[{"embeddable":true,"href":"https:\/\/ucm.edu.co\/intranet\/wp-json\/wp\/v2\/comments?post=220116"}],"version-history":[{"count":3,"href":"https:\/\/ucm.edu.co\/intranet\/wp-json\/wp\/v2\/posts\/220116\/revisions"}],"predecessor-version":[{"id":220122,"href":"https:\/\/ucm.edu.co\/intranet\/wp-json\/wp\/v2\/posts\/220116\/revisions\/220122"}],"wp:featuredmedia":[{"embeddable":true,"href":"https:\/\/ucm.edu.co\/intranet\/wp-json\/wp\/v2\/media\/220117"}],"wp:attachment":[{"href":"https:\/\/ucm.edu.co\/intranet\/wp-json\/wp\/v2\/media?parent=220116"}],"wp:term":[{"taxonomy":"category","embeddable":true,"href":"https:\/\/ucm.edu.co\/intranet\/wp-json\/wp\/v2\/categories?post=220116"},{"taxonomy":"post_tag","embeddable":true,"href":"https:\/\/ucm.edu.co\/intranet\/wp-json\/wp\/v2\/tags?post=220116"}],"curies":[{"name":"wp","href":"https:\/\/api.w.org\/{rel}","templated":true}]}}