{"id":223384,"date":"2026-04-17T16:00:39","date_gmt":"2026-04-17T21:00:39","guid":{"rendered":"https:\/\/www.ucm.edu.co\/?p=233196"},"modified":"2026-04-22T09:52:36","modified_gmt":"2026-04-22T14:52:36","slug":"intercultural-workskills-glocal-impact-ucm-formacion-global","status":"publish","type":"post","link":"https:\/\/ucm.edu.co\/intranet\/intercultural-workskills-glocal-impact-ucm-formacion-global\/","title":{"rendered":"UCM fortalece la formaci\u00f3n global con curso intercultural"},"content":{"rendered":"\n<p><\/p>\n\n\n\n<p>La Universidad Cat\u00f3lica de Manizales dio inicio esta semana al curso Intercultural Workskills for Glocal Impact, orientado por el profesor Javier Naranjo, como parte de su apuesta por la formaci\u00f3n integral y la internacionalizaci\u00f3n del curr\u00edculo. Este espacio acad\u00e9mico se articula con la estrategia de cursos EMI (English as a Medium of Instruction), que permite a los estudiantes fortalecer sus competencias en ingl\u00e9s mientras desarrollan habilidades clave para su futuro profesional.<\/p>\n\n\n\n<p>El curso ofrece m\u00faltiples beneficios acad\u00e9micos: puede ser validado como nivel de ingl\u00e9s, homologado como una electiva de libre elecci\u00f3n equivalente a dos cr\u00e9ditos y adicionalmente, brinda una micro certificaci\u00f3n que fortalece el perfil profesional de los participantes. &nbsp;Este curso naci\u00f3 del proyecto Erasmus Become Glocal, pero ese proyecto ya cerr\u00f3. El curso es parte de los impactos del proyecto, que se evidencia en la oferta acad\u00e9mica permanente de la UCM en EMI.<\/p>\n\n\n\n<p><\/p>\n\n\n\n<h2 class=\"wp-block-heading\"><strong>Formaci\u00f3n en habilidades interculturales para un mundo globalizado<\/strong><\/h2>\n\n\n\n<p><\/p>\n\n\n\n<div class=\"wp-block-columns is-layout-flex wp-container-core-columns-is-layout-9d6595d7 wp-block-columns-is-layout-flex\">\n<div class=\"wp-block-column is-layout-flow wp-block-column-is-layout-flow\">\n<figure class=\"wp-block-image size-full\"><img decoding=\"async\" src=\"https:\/\/ucm.edu.co\/intranet\/wp-content\/uploads\/2026\/04\/Estudiantes-tres.jpeg\" alt=\"\" class=\"wp-image-233197\" \/><\/figure>\n<\/div>\n\n\n\n<div class=\"wp-block-column is-layout-flow wp-block-column-is-layout-flow\">\n<figure class=\"wp-block-image size-full\"><img decoding=\"async\" src=\"https:\/\/ucm.edu.co\/intranet\/wp-content\/uploads\/2026\/04\/Estudiantes-cuatro.jpeg\" alt=\"\" class=\"wp-image-233232\" \/><\/figure>\n<\/div>\n<\/div>\n\n\n\n<p><\/p>\n\n\n\n<p>El objetivo principal del curso es desarrollar habilidades interculturales esenciales como el trabajo en equipo, la resiliencia, el pensamiento cr\u00edtico y la empat\u00eda, competencias altamente valoradas en el contexto laboral actual. Estas capacidades permiten a los estudiantes enfrentar los desaf\u00edos de entornos multiculturales y aportar soluciones innovadoras con impacto tanto local como global.<\/p>\n\n\n\n<p>En esta versi\u00f3n participan estudiantes de los programas de Ingenier\u00eda Ambiental, Bacteriolog\u00eda, Nutrici\u00f3n y Diet\u00e9tica y Administraci\u00f3n de Empresas Tur\u00edsticas de la Universidad Cat\u00f3lica de Manizales, quienes comparten este espacio con estudiantes de la Universidad de Manizales, Universidad Sant\u00edsima Concepci\u00f3n y Universidad Cat\u00f3lica del Maule, ambas de Chile. Esta diversidad acad\u00e9mica y cultural enriquece el proceso formativo y promueve el intercambio de conocimiento y perspectivas.<\/p>\n\n\n\n<h2 class=\"wp-block-heading\"><strong>Retos reales y experiencias internacionales<\/strong><\/h2>\n\n\n\n<p><\/p>\n\n\n\n<div class=\"wp-block-columns is-layout-flex wp-container-core-columns-is-layout-9d6595d7 wp-block-columns-is-layout-flex\">\n<div class=\"wp-block-column is-layout-flow wp-block-column-is-layout-flow\">\n<figure class=\"wp-block-image size-full\"><img decoding=\"async\" src=\"https:\/\/ucm.edu.co\/intranet\/wp-content\/uploads\/2026\/04\/Estudiantes-dos.jpeg\" alt=\"\" class=\"wp-image-233199\" \/><\/figure>\n<\/div>\n\n\n\n<div class=\"wp-block-column is-layout-flow wp-block-column-is-layout-flow\">\n<figure class=\"wp-block-image size-full\"><img decoding=\"async\" src=\"https:\/\/ucm.edu.co\/intranet\/wp-content\/uploads\/2026\/04\/Estudiantes-seis.jpeg\" alt=\"\" class=\"wp-image-233200\" \/><\/figure>\n<\/div>\n<\/div>\n\n\n\n<p><\/p>\n\n\n\n<p>Uno de los componentes m\u00e1s destacados del curso es la resoluci\u00f3n de retos reales de sostenibilidad planteados por empresas como Pacific Forest en Chile y la Industria Licorera de Caldas en Colombia. A trav\u00e9s de estos desaf\u00edos, los estudiantes aplican sus conocimientos en contextos reales, fortaleciendo su capacidad de an\u00e1lisis y toma de decisiones.<\/p>\n\n\n\n<p>Como complemento a esta experiencia, algunos participantes tendr\u00e1n la oportunidad de realizar una inmersi\u00f3n internacional al finalizar el curso. Los estudiantes colombianos podr\u00e1n viajar a Chile, mientras que los estudiantes chilenos visitar\u00e1n Colombia, esto con el fin de conocer de primera mano las empresas y los contextos en los que desarrollaron sus proyectos.<\/p>\n\n\n\n<p>De esta manera, la UCM fortalece su compromiso con la formaci\u00f3n de profesionales globales capaces de generar impacto en sus territorios y de responder a los desaf\u00edos de un mundo cada vez m\u00e1s interconectado.<\/p>\n\n\n\n<p>Tambi\u00e9n te puede interesar: <a href=\"https:\/\/www.ucm.edu.co\/universidad-catolica-de-manizales-coordina-proyecto-internacional-benchmarking-intersectoral-governance-and-management-systems-in-the-netherlands-que-impulsa-la-transformacion-de-la-educacion-supe\/\" id=\"https:\/\/www.ucm.edu.co\/universidad-catolica-de-manizales-coordina-proyecto-internacional-benchmarking-intersectoral-governance-and-management-systems-in-the-netherlands-que-impulsa-la-transformacion-de-la-educacion-supe\/\">https:\/\/www.ucm.edu.co\/universidad-catolica-de-manizales-coordina-proyecto-internacional-benchmarking-intersectoral-governance-and-management-systems-in-the-netherlands-que-impulsa-la-transformacion-de-la-educacion-supe\/<\/a><\/p>\n","protected":false},"excerpt":{"rendered":"<p>La Universidad Cat\u00f3lica de Manizales inicia el curso Intercultural Workskills for Glocal Impact, una propuesta acad\u00e9mica que integra formaci\u00f3n en ingl\u00e9s, desarrollo de habilidades interculturales y la empleabilidad con retos reales, preparando a los estudiantes para un entorno profesional global.<\/p>\n","protected":false},"author":2,"featured_media":223385,"comment_status":"closed","ping_status":"open","sticky":false,"template":"","format":"standard","meta":{"_et_pb_use_builder":"","_et_pb_old_content":"","_et_gb_content_width":"","_monsterinsights_skip_tracking":false,"_monsterinsights_sitenote_active":false,"_monsterinsights_sitenote_note":"","_monsterinsights_sitenote_category":0,"footnotes":""},"categories":[29],"tags":[18,142,19],"class_list":["post-223384","post","type-post","status-publish","format-standard","has-post-thumbnail","hentry","category-proyeccion","tag-ucm","tag-ucm-global","tag-universidad-catolica-de-manizales"],"_links":{"self":[{"href":"https:\/\/ucm.edu.co\/intranet\/wp-json\/wp\/v2\/posts\/223384","targetHints":{"allow":["GET"]}}],"collection":[{"href":"https:\/\/ucm.edu.co\/intranet\/wp-json\/wp\/v2\/posts"}],"about":[{"href":"https:\/\/ucm.edu.co\/intranet\/wp-json\/wp\/v2\/types\/post"}],"author":[{"embeddable":true,"href":"https:\/\/ucm.edu.co\/intranet\/wp-json\/wp\/v2\/users\/2"}],"replies":[{"embeddable":true,"href":"https:\/\/ucm.edu.co\/intranet\/wp-json\/wp\/v2\/comments?post=223384"}],"version-history":[{"count":7,"href":"https:\/\/ucm.edu.co\/intranet\/wp-json\/wp\/v2\/posts\/223384\/revisions"}],"predecessor-version":[{"id":223430,"href":"https:\/\/ucm.edu.co\/intranet\/wp-json\/wp\/v2\/posts\/223384\/revisions\/223430"}],"wp:featuredmedia":[{"embeddable":true,"href":"https:\/\/ucm.edu.co\/intranet\/wp-json\/wp\/v2\/media\/223385"}],"wp:attachment":[{"href":"https:\/\/ucm.edu.co\/intranet\/wp-json\/wp\/v2\/media?parent=223384"}],"wp:term":[{"taxonomy":"category","embeddable":true,"href":"https:\/\/ucm.edu.co\/intranet\/wp-json\/wp\/v2\/categories?post=223384"},{"taxonomy":"post_tag","embeddable":true,"href":"https:\/\/ucm.edu.co\/intranet\/wp-json\/wp\/v2\/tags?post=223384"}],"curies":[{"name":"wp","href":"https:\/\/api.w.org\/{rel}","templated":true}]}}