{"id":223438,"date":"2026-04-22T11:16:33","date_gmt":"2026-04-22T16:16:33","guid":{"rendered":"https:\/\/www.ucm.edu.co\/?p=233237"},"modified":"2026-04-22T11:16:35","modified_gmt":"2026-04-22T16:16:35","slug":"clausura-y-certificacion-del-diplomado-hseq-fortalecen-el-talento-regional-en-manizales","status":"publish","type":"post","link":"https:\/\/ucm.edu.co\/intranet\/clausura-y-certificacion-del-diplomado-hseq-fortalecen-el-talento-regional-en-manizales\/","title":{"rendered":"Clausura y certificaci\u00f3n del Diplomado HSEQ fortalecen el talento regional en Manizales"},"content":{"rendered":"\n<p>En Manizales, este acto de clausura reuni\u00f3 a beneficiarios, directivos y aliados para certificar a 16 participantes del Diplomado en Gesti\u00f3n Integral HSEQ; el programa fue desarrollado por Confa y la Universidad Cat\u00f3lica de Manizales, con el prop\u00f3sito de fortalecer competencias en calidad, ambiente, seguridad y salud en el trabajo, gesti\u00f3n del riesgo y auditor\u00edas, bajo est\u00e1ndares internacionales.<\/p>\n\n\n\n<p><\/p>\n\n\n\n<p>Durante la ceremonia, ambas instituciones dieron la bienvenida a los asistentes y destacaron la importancia de este diplomado, estructurado bajo un enfoque normativo alineado con est\u00e1ndares como ISO 9001:2015, ISO 14001:2015 e ISO 45001:2018, orientados a sistemas de gesti\u00f3n de calidad, ambiental y de seguridad y salud en el trabajo.<\/p>\n\n\n\n<p><\/p>\n\n\n\n<h2 class=\"wp-block-heading\">Alianza acad\u00e9mica para la formaci\u00f3n integral<\/h2>\n\n\n\n<p><\/p>\n\n\n\n<p>Como complemento, la formaci\u00f3n integr\u00f3 metodolog\u00edas basadas en ISO 31000:2018 para la gesti\u00f3n del riesgo y ISO 19011:2018 para auditor\u00edas, consolidando un enfoque integral que responde a las necesidades actuales de las organizaciones. Estos sistemas permiten optimizar procesos y adoptar planes estrat\u00e9gicos, t\u00e1cticos y operacionales con altos niveles de eficiencia.<\/p>\n\n\n\n<p><\/p>\n\n\n\n<div class=\"wp-block-columns is-layout-flex wp-container-core-columns-is-layout-9d6595d7 wp-block-columns-is-layout-flex\">\n<div class=\"wp-block-column is-layout-flow wp-block-column-is-layout-flow\">\n<figure class=\"wp-block-image size-full\"><img decoding=\"async\" src=\"https:\/\/ucm.edu.co\/intranet\/wp-content\/uploads\/2026\/04\/certificacion-ucm-estudiantes-9001.jpg\" alt=\"\" class=\"wp-image-233249\" \/><\/figure>\n<\/div>\n\n\n\n<div class=\"wp-block-column is-layout-flow wp-block-column-is-layout-flow\">\n<figure class=\"wp-block-image size-full\"><img decoding=\"async\" src=\"https:\/\/ucm.edu.co\/intranet\/wp-content\/uploads\/2026\/04\/ucm-certificacion.jpg\" alt=\"\" class=\"wp-image-233250\" \/><\/figure>\n<\/div>\n<\/div>\n\n\n\n<p><\/p>\n\n\n\n<p>El evento incluy\u00f3 actos culturales como el Himno a Manizales y una presentaci\u00f3n de baile urbano liderada por la Unidad de Cultura de Bienestar Universitario. Asimismo, intervinieron la decana Natalia Zuluaga y la representante de Confa, Luisa Fernanda Sep\u00falveda, quienes resaltaron el impacto del programa en el desarrollo profesional de los participantes.<\/p>\n\n\n\n<p><\/p>\n\n\n\n<h2 class=\"wp-block-heading\">Cultura, intervenciones y reconocimiento a los participantes<\/h2>\n\n\n\n<p><\/p>\n\n\n\n<p>Posteriormente, se realiz\u00f3 la entrega de certificados a los 16 beneficiarios, marcando el cierre de este proceso acad\u00e9mico. La jornada concluy\u00f3 con el Himno de la universidad y una fotograf\u00eda grupal.<\/p>\n\n\n\n<div class=\"wp-block-columns is-layout-flex wp-container-core-columns-is-layout-9d6595d7 wp-block-columns-is-layout-flex\">\n<div class=\"wp-block-column is-layout-flow wp-block-column-is-layout-flow\">\n<figure class=\"wp-block-image size-full\"><img decoding=\"async\" src=\"https:\/\/ucm.edu.co\/intranet\/wp-content\/uploads\/2026\/04\/ucm-confa-cerfiticacion-reconocimientos.jpg\" alt=\"\" class=\"wp-image-233251\" \/><\/figure>\n<\/div>\n\n\n\n<div class=\"wp-block-column is-layout-flow wp-block-column-is-layout-flow\">\n<figure class=\"wp-block-image size-full\"><img decoding=\"async\" src=\"https:\/\/ucm.edu.co\/intranet\/wp-content\/uploads\/2026\/04\/entrega-de-certificados-ucm-confa.jpg\" alt=\"\" class=\"wp-image-233252\" \/><\/figure>\n<\/div>\n<\/div>\n\n\n\n<p><\/p>\n\n\n\n<p>Finalmente, las entidades organizadoras reafirmaron su compromiso con la formaci\u00f3n integral y el fortalecimiento del talento humano en la regi\u00f3n, proyectando a los graduados hacia nuevos retos profesionales.<\/p>\n\n\n\n<p>El evento cerr\u00f3 en un ambiente de reconocimiento y proyecci\u00f3n, donde los participantes celebraron el logro alcanzado tras culminar su proceso formativo. Este espacio no solo marc\u00f3 el fin del diplomado, sino tambi\u00e9n el inicio de nuevas oportunidades para aplicar los conocimientos adquiridos en sus contextos laborales, contribuyendo al fortalecimiento de organizaciones m\u00e1s competitivas, responsables y alineadas con est\u00e1ndares internacionales.<\/p>\n\n\n\n<p>Tambi\u00e9n podr\u00eda interesarte: <a href=\"https:\/\/www.ucm.edu.co\/innovus-y-hackaton-ucm-2026-un-escenario-institucional-de-investigacion-formativa-innovacion-y-emprendimiento\/\">https:\/\/www.ucm.edu.co\/innovus-y-hackaton-ucm-2026-un-escenario-institucional-de-investigacion-formativa-innovacion-y-emprendimiento\/<\/a><\/p>\n","protected":false},"excerpt":{"rendered":"<p>En Manizales se realiz\u00f3 la clausura del Diplomado en Gesti\u00f3n Integral HSEQ, una iniciativa conjunta entre Confa y la Universidad Cat\u00f3lica de Manizales que certific\u00f3 a 16 beneficiarios. El programa, basado en est\u00e1ndares internacionales, fortalece habilidades en sistemas de gesti\u00f3n, auditor\u00eda y gesti\u00f3n del riesgo, aportando al desarrollo profesional y organizacional en la regi\u00f3n.<\/p>\n","protected":false},"author":2,"featured_media":223439,"comment_status":"closed","ping_status":"open","sticky":false,"template":"","format":"standard","meta":{"_et_pb_use_builder":"","_et_pb_old_content":"","_et_gb_content_width":"","_monsterinsights_skip_tracking":false,"_monsterinsights_sitenote_active":false,"_monsterinsights_sitenote_note":"","_monsterinsights_sitenote_category":0,"footnotes":""},"categories":[29],"tags":[18,19],"class_list":["post-223438","post","type-post","status-publish","format-standard","has-post-thumbnail","hentry","category-proyeccion","tag-ucm","tag-universidad-catolica-de-manizales"],"_links":{"self":[{"href":"https:\/\/ucm.edu.co\/intranet\/wp-json\/wp\/v2\/posts\/223438","targetHints":{"allow":["GET"]}}],"collection":[{"href":"https:\/\/ucm.edu.co\/intranet\/wp-json\/wp\/v2\/posts"}],"about":[{"href":"https:\/\/ucm.edu.co\/intranet\/wp-json\/wp\/v2\/types\/post"}],"author":[{"embeddable":true,"href":"https:\/\/ucm.edu.co\/intranet\/wp-json\/wp\/v2\/users\/2"}],"replies":[{"embeddable":true,"href":"https:\/\/ucm.edu.co\/intranet\/wp-json\/wp\/v2\/comments?post=223438"}],"version-history":[{"count":1,"href":"https:\/\/ucm.edu.co\/intranet\/wp-json\/wp\/v2\/posts\/223438\/revisions"}],"predecessor-version":[{"id":223444,"href":"https:\/\/ucm.edu.co\/intranet\/wp-json\/wp\/v2\/posts\/223438\/revisions\/223444"}],"wp:featuredmedia":[{"embeddable":true,"href":"https:\/\/ucm.edu.co\/intranet\/wp-json\/wp\/v2\/media\/223439"}],"wp:attachment":[{"href":"https:\/\/ucm.edu.co\/intranet\/wp-json\/wp\/v2\/media?parent=223438"}],"wp:term":[{"taxonomy":"category","embeddable":true,"href":"https:\/\/ucm.edu.co\/intranet\/wp-json\/wp\/v2\/categories?post=223438"},{"taxonomy":"post_tag","embeddable":true,"href":"https:\/\/ucm.edu.co\/intranet\/wp-json\/wp\/v2\/tags?post=223438"}],"curies":[{"name":"wp","href":"https:\/\/api.w.org\/{rel}","templated":true}]}}