{"id":223445,"date":"2026-04-22T11:39:41","date_gmt":"2026-04-22T16:39:41","guid":{"rendered":"https:\/\/www.ucm.edu.co\/?p=233235"},"modified":"2026-04-22T11:39:44","modified_gmt":"2026-04-22T16:39:44","slug":"cine-memoria-dialogo-ucm-muestra-derechos-humanos-caldas","status":"publish","type":"post","link":"https:\/\/ucm.edu.co\/intranet\/cine-memoria-dialogo-ucm-muestra-derechos-humanos-caldas\/","title":{"rendered":"El cine como espacio de memoria y di\u00e1logo: Participaci\u00f3n UCM en muestra de Derechos Humanos en Caldas"},"content":{"rendered":"\n<p>El pasado 18 de abril, el profesor Mauricio Orozco Vallejo, director de la Maestr\u00eda en Memoria y Escenarios Transicionales y coordinador del N\u00facleo de Estudios en Memoria y Paz, particip\u00f3 como conferencista en el acto de cierre de la primera Muestra de Cine y Derechos Humanos de Caldas. Su intervenci\u00f3n se dio en un escenario que reuni\u00f3 reflexiones acad\u00e9micas, expresiones art\u00edsticas y voces territoriales en torno a la memoria, la verdad y la construcci\u00f3n de paz.<\/p>\n\n\n\n<p>La presencia del profesor Orozco Vallejo en este espacio reafirma el compromiso institucional con los procesos de an\u00e1lisis cr\u00edtico y acompa\u00f1amiento a iniciativas que promueven el reconocimiento de las m\u00faltiples narrativas del conflicto armado y sus impactos en las comunidades.<\/p>\n\n\n\n<p><\/p>\n\n\n\n<h2 class=\"wp-block-heading\"><strong>Una apuesta por llevar el cine a los territorios<\/strong><\/h2>\n\n\n\n<p><\/p>\n\n\n\n<p>La muestra de Cine y Derechos Humanos de Caldas fue posible gracias al trabajo articulado entre la Gobernaci\u00f3n de Caldas, a trav\u00e9s de su secretar\u00eda de Gobierno, la Defensor\u00eda del Pueblo y la Red Cinespiral. Esta iniciativa logr\u00f3 llegar a 12 municipios del departamento, acercando el cine a diversos contextos y facilitando espacios de encuentro, di\u00e1logo y reflexi\u00f3n colectiva.<\/p>\n\n\n\n<p><\/p>\n\n\n\n<div class=\"wp-block-columns is-layout-flex wp-container-core-columns-is-layout-9d6595d7 wp-block-columns-is-layout-flex\">\n<div class=\"wp-block-column is-layout-flow wp-block-column-is-layout-flow\">\n<figure class=\"wp-block-image size-full\"><img decoding=\"async\" src=\"https:\/\/ucm.edu.co\/intranet\/wp-content\/uploads\/2026\/04\/memorias-de-paz-ucm.jpeg\" alt=\"\" class=\"wp-image-233258\" \/><\/figure>\n<\/div>\n\n\n\n<div class=\"wp-block-column is-layout-flow wp-block-column-is-layout-flow\">\n<figure class=\"wp-block-image size-full\"><img decoding=\"async\" src=\"https:\/\/ucm.edu.co\/intranet\/wp-content\/uploads\/2026\/04\/cine-memorias-de-paz-ucm.jpeg\" alt=\"\" class=\"wp-image-233257\" \/><\/figure>\n<\/div>\n<\/div>\n\n\n\n<p><\/p>\n\n\n\n<p>M\u00e1s all\u00e1 de la exhibici\u00f3n de pel\u00edculas, la muestra se consolid\u00f3 como una estrategia cultural que permiti\u00f3 a las comunidades reconocerse en las historias proyectadas, generando conversaciones necesarias sobre memoria hist\u00f3rica, derechos humanos y construcci\u00f3n de tejido social. Este tipo de escenarios evidencian el valor del arte como herramienta pedag\u00f3gica y transformadora en contextos locales.<\/p>\n\n\n\n<p><\/p>\n\n\n\n<h2 class=\"wp-block-heading\"><strong>Narrativas que interpelan y construyen memoria<\/strong><\/h2>\n\n\n\n<p><\/p>\n\n\n\n<p>El cierre de la muestra estuvo marcado por la proyecci\u00f3n del cortometraje \u201cTejiendo un \u00e1rbol\u201d, dirigido por \u00c1lvaro Cardona, una obra que recoge la polifon\u00eda de voces de v\u00edctimas del conflicto armado, evidenciando la diversidad de experiencias y miradas que configuran la memoria colectiva.<\/p>\n\n\n\n<p><\/p>\n\n\n\n<div class=\"wp-block-columns is-layout-flex wp-container-core-columns-is-layout-9d6595d7 wp-block-columns-is-layout-flex\">\n<div class=\"wp-block-column is-layout-flow wp-block-column-is-layout-flow\">\n<figure class=\"wp-block-image size-full\"><img decoding=\"async\" src=\"https:\/\/ucm.edu.co\/intranet\/wp-content\/uploads\/2026\/04\/semillas-y-memorias-de-paz.jpeg\" alt=\"\" class=\"wp-image-233262\" \/><\/figure>\n<\/div>\n\n\n\n<div class=\"wp-block-column is-layout-flow wp-block-column-is-layout-flow\">\n<figure class=\"wp-block-image size-full\"><img decoding=\"async\" src=\"https:\/\/ucm.edu.co\/intranet\/wp-content\/uploads\/2026\/04\/memorias-semillas-ucm.jpeg\" alt=\"\" class=\"wp-image-233263\" \/><\/figure>\n<\/div>\n<\/div>\n\n\n\n<p><\/p>\n\n\n\n<p>As\u00ed mismo, se present\u00f3 el largometraje documental \u201cAlis\u201d, dirigido por Clare Weiskopf y Nicol\u00e1s van Hemelryck, una producci\u00f3n que propone un di\u00e1logo profundo con las juventudes, abordando temas como la identidad, la resiliencia y las formas de narrarse en medio de contextos complejos. Ambas obras permitieron ampliar la reflexi\u00f3n sobre el papel del cine como un lenguaje sensible que interpela, cuestiona y aporta a la construcci\u00f3n de memoria.<\/p>\n\n\n\n<p><\/p>\n\n\n\n<p>La participaci\u00f3n de la academia en estos espacios fortalece los v\u00ednculos entre conocimiento, cultura y territorio, consolidando escenarios donde el pensamiento cr\u00edtico y las expresiones art\u00edsticas convergen para aportar a la comprensi\u00f3n de realidades sociales. De esta manera, se contin\u00faa promoviendo una mirada plural y consciente sobre los procesos de memoria y paz en la regi\u00f3n.<\/p>\n\n\n\n<p>Tambi\u00e9n podr\u00eda interesarte: <a href=\"https:\/\/www.ucm.edu.co\/conmemoracion-por-la-memoria-de-las-victimas-reunio-a-actores-institucionales-y-comunidad-en-la-dorada\/\" id=\"https:\/\/www.ucm.edu.co\/conmemoracion-por-la-memoria-de-las-victimas-reunio-a-actores-institucionales-y-comunidad-en-la-dorada\/\">https:\/\/www.ucm.edu.co\/conmemoracion-por-la-memoria-de-las-victimas-reunio-a-actores-institucionales-y-comunidad-en-la-dorada\/<\/a><\/p>\n","protected":false},"excerpt":{"rendered":"<p>La participaci\u00f3n de la UCM en la Muestra de Cine y Derechos Humanos de Caldas destac\u00f3 el valor del cine como herramienta para la memoria, el di\u00e1logo y la construcci\u00f3n de paz. A trav\u00e9s de espacios que integraron arte, academia y territorio, se promovieron reflexiones sobre el conflicto armado, las narrativas de las comunidades y el fortalecimiento del tejido social.<\/p>\n","protected":false},"author":2,"featured_media":223446,"comment_status":"closed","ping_status":"open","sticky":false,"template":"","format":"standard","meta":{"_et_pb_use_builder":"","_et_pb_old_content":"","_et_gb_content_width":"","_monsterinsights_skip_tracking":false,"_monsterinsights_sitenote_active":false,"_monsterinsights_sitenote_note":"","_monsterinsights_sitenote_category":0,"footnotes":""},"categories":[29],"tags":[18,19],"class_list":["post-223445","post","type-post","status-publish","format-standard","has-post-thumbnail","hentry","category-proyeccion","tag-ucm","tag-universidad-catolica-de-manizales"],"_links":{"self":[{"href":"https:\/\/ucm.edu.co\/intranet\/wp-json\/wp\/v2\/posts\/223445","targetHints":{"allow":["GET"]}}],"collection":[{"href":"https:\/\/ucm.edu.co\/intranet\/wp-json\/wp\/v2\/posts"}],"about":[{"href":"https:\/\/ucm.edu.co\/intranet\/wp-json\/wp\/v2\/types\/post"}],"author":[{"embeddable":true,"href":"https:\/\/ucm.edu.co\/intranet\/wp-json\/wp\/v2\/users\/2"}],"replies":[{"embeddable":true,"href":"https:\/\/ucm.edu.co\/intranet\/wp-json\/wp\/v2\/comments?post=223445"}],"version-history":[{"count":1,"href":"https:\/\/ucm.edu.co\/intranet\/wp-json\/wp\/v2\/posts\/223445\/revisions"}],"predecessor-version":[{"id":223451,"href":"https:\/\/ucm.edu.co\/intranet\/wp-json\/wp\/v2\/posts\/223445\/revisions\/223451"}],"wp:featuredmedia":[{"embeddable":true,"href":"https:\/\/ucm.edu.co\/intranet\/wp-json\/wp\/v2\/media\/223446"}],"wp:attachment":[{"href":"https:\/\/ucm.edu.co\/intranet\/wp-json\/wp\/v2\/media?parent=223445"}],"wp:term":[{"taxonomy":"category","embeddable":true,"href":"https:\/\/ucm.edu.co\/intranet\/wp-json\/wp\/v2\/categories?post=223445"},{"taxonomy":"post_tag","embeddable":true,"href":"https:\/\/ucm.edu.co\/intranet\/wp-json\/wp\/v2\/tags?post=223445"}],"curies":[{"name":"wp","href":"https:\/\/api.w.org\/{rel}","templated":true}]}}