{"id":223469,"date":"2026-04-23T14:43:43","date_gmt":"2026-04-23T19:43:43","guid":{"rendered":"https:\/\/www.ucm.edu.co\/?p=233290"},"modified":"2026-04-23T14:44:19","modified_gmt":"2026-04-23T19:44:19","slug":"ucm-alianza-colombia-canada-salud-mental-personal-sanitario","status":"publish","type":"post","link":"https:\/\/ucm.edu.co\/intranet\/ucm-alianza-colombia-canada-salud-mental-personal-sanitario\/","title":{"rendered":"Investigaci\u00f3n binacional analiza la prevalencia de ansiedad y depresi\u00f3n en profesionales de la salud en Colombia"},"content":{"rendered":"\n<p>El 21 de abril de 2026, el Rector de la Universidad Cat\u00f3lica de Manizales, Dr. Cristian Camilo Guti\u00e9rrez, sostuvo una reuni\u00f3n con el equipo completo del proyecto de investigaci\u00f3n binacional <em>&#8220;Ansiedad y depresi\u00f3n en m\u00e9dicos y enfermeros de instituciones de salud colombianas: prevalencia, factores asociados y fundamentos para la adaptaci\u00f3n del modelo R\u00e9seau des \u00e9claireurs et des \u00e9claireuses de Quebec&#8221;<\/em>, liderado por la profesora Mabel Ibarra Luna en calidad de investigadora principal del Grupo de Investigaci\u00f3n Sistemas Integrados de Gesti\u00f3n (SIG) de la Facultad de Ciencias de la Salud.<\/p>\n\n\n\n<p>Este encuentro represent\u00f3 el fortalecimiento de las alianzas interinstitucionales que sostienen el proyecto: convoc\u00f3 en un mismo espacio a la institucionalidad universitaria, al sector hospitalario p\u00fablico a nivel departamental, a la medicina especializada y a la cooperaci\u00f3n internacional canadiense, consolidando as\u00ed una plataforma \u00fanica de trabajo colaborativo para la protecci\u00f3n de la salud mental del personal sanitario en Colombia.<\/p>\n\n\n\n<p><\/p>\n\n\n\n<h2 class=\"wp-block-heading\"><strong>Un proyecto con impacto en la salud p\u00fablica<\/strong><\/h2>\n\n\n\n<p><\/p>\n\n\n\n<p>La investigaci\u00f3n tiene como prop\u00f3sito medir la prevalencia de ansiedad y depresi\u00f3n en m\u00e9dicos y enfermeros de instituciones de salud colombianas. En una segunda fase, el equipo adelantar\u00e1 la adaptaci\u00f3n cultural del modelo canadiense de liderazgo en salud mental al contexto colombiano, con potencial de impacto directo sobre el bienestar del personal sanitario y la calidad de la atenci\u00f3n a los pacientes.<\/p>\n\n\n\n<p><\/p>\n\n\n\n<h2 class=\"wp-block-heading\"><strong>Alianzas que hacen posible la investigaci\u00f3n<\/strong><\/h2>\n\n\n\n<p><\/p>\n\n\n\n<div class=\"wp-block-columns is-layout-flex wp-container-core-columns-is-layout-9d6595d7 wp-block-columns-is-layout-flex\">\n<div class=\"wp-block-column is-layout-flow wp-block-column-is-layout-flow\">\n<figure class=\"wp-block-image size-full\"><img decoding=\"async\" src=\"https:\/\/ucm.edu.co\/intranet\/wp-content\/uploads\/2026\/04\/Colombia-Canada-1.jpg\" alt=\"\" class=\"wp-image-233294\" \/><\/figure>\n<\/div>\n\n\n\n<div class=\"wp-block-column is-layout-flow wp-block-column-is-layout-flow\">\n<figure class=\"wp-block-image size-full\"><img decoding=\"async\" src=\"https:\/\/ucm.edu.co\/intranet\/wp-content\/uploads\/2026\/04\/Alianza-2-1.jpg\" alt=\"\" class=\"wp-image-233295\" \/><\/figure>\n<\/div>\n<\/div>\n\n\n\n<p>El proyecto se sostiene sobre una red de alianzas interinstitucionales que enriquecen tanto su rigor cient\u00edfico como su pertinencia social:<\/p>\n\n\n\n<p><strong>Ricardo Botero, Cooperaci\u00f3n Internacional (Montr\u00e9al, Canad\u00e1)<\/strong><\/p>\n\n\n\n<p>Ricardo Botero se desempe\u00f1a como Organizador Comunitario y Coordinador del <em>R\u00e9seau des \u00e9claireurs et des \u00e9claireuses<\/em> del CIUSSS du Nord-de-l&#8217;\u00cele-de-Montr\u00e9al, adscrito al Ministerio de Salud de la Provincia de Quebec. Su vinculaci\u00f3n al proyecto aporta la experiencia del modelo canadiense de intervenci\u00f3n en salud mental laboral, que ser\u00e1 adaptado al contexto colombiano en la segunda fase de la investigaci\u00f3n.<\/p>\n\n\n\n<p><strong>Dra. Vanesa Rivera Rosero, Hospital Departamental de Nari\u00f1o ESE<\/strong><\/p>\n\n\n\n<p>la Dra. Vanesa Rivera Rosero se desempe\u00f1a como Subgerente de Prestaci\u00f3n de Servicios del Hospital Departamental de Nari\u00f1o ESE. Su vinculaci\u00f3n al proyecto como co-investigadora garantiza el acceso al campo hospitalario del sur del pa\u00eds y asegura que los hallazgos del estudio tengan traducci\u00f3n directa en la gesti\u00f3n del talento humano en salud a nivel departamental.<\/p>\n\n\n\n<p><strong>Dr. Javier Arango \u00c1lvarez, FACP Asociaci\u00f3n Colombiana de Sociedades Cient\u00edficas<\/strong><\/p>\n\n\n\n<p>El Dr. Javier Arango \u00c1lvarez representa al sector privado de la medicina especializada de la regi\u00f3n, y su v\u00ednculo con la Asociaci\u00f3n Colombiana de Sociedades cient\u00edficas y la Asociaci\u00f3n Colombiana de Medicina Interna (ACMI). Su reconocimiento nacional en el sector salud, construido desde la pr\u00e1ctica cl\u00ednica especializada y el liderazgo gremial, convierte al Dr. Arango en un aliado estrat\u00e9gico cuya participaci\u00f3n eleva la relevancia del proyecto y fortalece su proyecci\u00f3n hacia la comunidad m\u00e9dica y las instituciones de salud del pa\u00eds.<\/p>\n\n\n\n<h2 class=\"wp-block-heading\"><strong>Proyecci\u00f3n institucional<\/strong><\/h2>\n\n\n\n<p><\/p>\n\n\n\n<div class=\"wp-block-columns is-layout-flex wp-container-core-columns-is-layout-9d6595d7 wp-block-columns-is-layout-flex\">\n<div class=\"wp-block-column is-layout-flow wp-block-column-is-layout-flow\">\n<figure class=\"wp-block-image size-full\"><img decoding=\"async\" src=\"https:\/\/ucm.edu.co\/intranet\/wp-content\/uploads\/2026\/04\/Alianza-3-1.jpg\" alt=\"\" class=\"wp-image-233298\" \/><\/figure>\n<\/div>\n\n\n\n<div class=\"wp-block-column is-layout-flow wp-block-column-is-layout-flow\">\n<figure class=\"wp-block-image size-full\"><img decoding=\"async\" src=\"https:\/\/ucm.edu.co\/intranet\/wp-content\/uploads\/2026\/04\/Alianza-4.jpg\" alt=\"\" class=\"wp-image-233299\" \/><\/figure>\n<\/div>\n<\/div>\n\n\n\n<p>La reuni\u00f3n con el Rector Dr. Cristian Camilo Guti\u00e9rrez permiti\u00f3 refuerza el compromiso de la UCM con la producci\u00f3n de conocimiento de impacto social y la internacionalizaci\u00f3n de su quehacer cient\u00edfico.<\/p>\n\n\n\n<p>Tambi\u00e9n podr\u00eda interesarte: <a href=\"https:\/\/www.ucm.edu.co\/universidad-catolica-de-manizales-coordina-proyecto-internacional-benchmarking-intersectoral-governance-and-management-systems-in-the-netherlands-que-impulsa-la-transformacion-de-la-educacion-supe\/\" id=\"https:\/\/www.ucm.edu.co\/universidad-catolica-de-manizales-coordina-proyecto-internacional-benchmarking-intersectoral-governance-and-management-systems-in-the-netherlands-que-impulsa-la-transformacion-de-la-educacion-supe\/\">https:\/\/www.ucm.edu.co\/universidad-catolica-de-manizales-coordina-proyecto-internacional-benchmarking-intersectoral-governance-and-management-systems-in-the-netherlands-que-impulsa-la-transformacion-de-la-educacion-supe\/<\/a><\/p>\n","protected":false},"excerpt":{"rendered":"<p>El Rector Dr. Cristian Camilo Guti\u00e9rrez recibi\u00f3 al equipo investigador del proyecto sobre ansiedad y depresi\u00f3n en m\u00e9dicos y enfermeros, en el marco de la visita acad\u00e9mica internacional del co-investigador Ricardo Botero, del CIUSSS du Nord-de-l&#8217;\u00cele-de-Montr\u00e9al (Quebec, Canad\u00e1), y con la participaci\u00f3n de aliados estrat\u00e9gicos del Hospital Departamental de Nari\u00f1o ESE y de la Asociaci\u00f3n Colombiana de Sociedades Cient\u00edficas.<\/p>\n","protected":false},"author":2,"featured_media":223470,"comment_status":"closed","ping_status":"open","sticky":false,"template":"","format":"standard","meta":{"_et_pb_use_builder":"","_et_pb_old_content":"","_et_gb_content_width":"","_monsterinsights_skip_tracking":false,"_monsterinsights_sitenote_active":false,"_monsterinsights_sitenote_note":"","_monsterinsights_sitenote_category":0,"footnotes":""},"categories":[34],"tags":[35,18,19],"class_list":["post-223469","post","type-post","status-publish","format-standard","has-post-thumbnail","hentry","category-internacionalizacion","tag-internacionalizacion-ucm","tag-ucm","tag-universidad-catolica-de-manizales"],"_links":{"self":[{"href":"https:\/\/ucm.edu.co\/intranet\/wp-json\/wp\/v2\/posts\/223469","targetHints":{"allow":["GET"]}}],"collection":[{"href":"https:\/\/ucm.edu.co\/intranet\/wp-json\/wp\/v2\/posts"}],"about":[{"href":"https:\/\/ucm.edu.co\/intranet\/wp-json\/wp\/v2\/types\/post"}],"author":[{"embeddable":true,"href":"https:\/\/ucm.edu.co\/intranet\/wp-json\/wp\/v2\/users\/2"}],"replies":[{"embeddable":true,"href":"https:\/\/ucm.edu.co\/intranet\/wp-json\/wp\/v2\/comments?post=223469"}],"version-history":[{"count":3,"href":"https:\/\/ucm.edu.co\/intranet\/wp-json\/wp\/v2\/posts\/223469\/revisions"}],"predecessor-version":[{"id":223477,"href":"https:\/\/ucm.edu.co\/intranet\/wp-json\/wp\/v2\/posts\/223469\/revisions\/223477"}],"wp:featuredmedia":[{"embeddable":true,"href":"https:\/\/ucm.edu.co\/intranet\/wp-json\/wp\/v2\/media\/223470"}],"wp:attachment":[{"href":"https:\/\/ucm.edu.co\/intranet\/wp-json\/wp\/v2\/media?parent=223469"}],"wp:term":[{"taxonomy":"category","embeddable":true,"href":"https:\/\/ucm.edu.co\/intranet\/wp-json\/wp\/v2\/categories?post=223469"},{"taxonomy":"post_tag","embeddable":true,"href":"https:\/\/ucm.edu.co\/intranet\/wp-json\/wp\/v2\/tags?post=223469"}],"curies":[{"name":"wp","href":"https:\/\/api.w.org\/{rel}","templated":true}]}}