{"id":223478,"date":"2026-04-23T15:35:43","date_gmt":"2026-04-23T20:35:43","guid":{"rendered":"https:\/\/www.ucm.edu.co\/?p=233310"},"modified":"2026-04-23T15:35:45","modified_gmt":"2026-04-23T20:35:45","slug":"ucm-impulsa-la-innovacion-abierta-en-caldas-con-nuevos-retos-para-2026","status":"publish","type":"post","link":"https:\/\/ucm.edu.co\/intranet\/ucm-impulsa-la-innovacion-abierta-en-caldas-con-nuevos-retos-para-2026\/","title":{"rendered":"UCM impulsa la innovaci\u00f3n abierta en Caldas con nuevos retos para 2026"},"content":{"rendered":"\n<p>La Universidad Cat\u00f3lica de Manizales, a trav\u00e9s de su Centro de Innovaci\u00f3n INNEO, avanza en la segunda fase de los Retos de Innovaci\u00f3n Abierta 2026, una iniciativa articulada con la Secretar\u00eda de Desarrollo, Empleo e Innovaci\u00f3n y el Laboratorio de Innovaci\u00f3n de la C\u00e1mara de Comercio de Manizales por Caldas, en el marco de la Pol\u00edtica P\u00fablica de Ciencia, Tecnolog\u00eda e Innovaci\u00f3n (CTeI) \u2013 Caldas 2026.<\/p>\n\n\n\n<p>La primera fase, desarrollada en 2025, abord\u00f3 tres desaf\u00edos en turismo sostenible, nutrici\u00f3n y biodiversidad. Como resultado, fueron seleccionadas tres soluciones ganadoras, cuyos equipos ahora participan en esta nueva etapa con el objetivo de perfeccionar sus propuestas y avanzar hacia su implementaci\u00f3n.<\/p>\n\n\n\n<p><\/p>\n\n\n\n<h2 class=\"wp-block-heading\">Convocatoria en marcha y participaci\u00f3n regional<\/h2>\n\n\n\n<p><\/p>\n\n\n\n<p>El proyecto contempla cuatro etapas estrat\u00e9gicas. Actualmente, se encuentra en la fase de convocatoria y sensibilizaci\u00f3n, en la que ya se han realizado cinco jornadas informativas: dos virtuales y tres presenciales en los municipios de Salamina, Riosucio y Neira. Estos espacios han permitido socializar los retos y motivar la participaci\u00f3n de diversos actores del territorio.<\/p>\n\n\n\n<p><\/p>\n\n\n\n<div class=\"wp-block-columns is-layout-flex wp-container-core-columns-is-layout-9d6595d7 wp-block-columns-is-layout-flex\">\n<div class=\"wp-block-column is-layout-flow wp-block-column-is-layout-flow\">\n<figure class=\"wp-block-image size-full\"><img decoding=\"async\" src=\"https:\/\/ucm.edu.co\/intranet\/wp-content\/uploads\/2026\/04\/emprende-ucm-talleres-encuentros.jpeg\" alt=\"\" class=\"wp-image-233311\" \/><\/figure>\n<\/div>\n\n\n\n<div class=\"wp-block-column is-layout-flow wp-block-column-is-layout-flow\">\n<figure class=\"wp-block-image size-full\"><img decoding=\"async\" src=\"https:\/\/ucm.edu.co\/intranet\/wp-content\/uploads\/2026\/04\/ucm-2026-emprende.jpeg\" alt=\"\" class=\"wp-image-233312\" \/><\/figure>\n<\/div>\n<\/div>\n\n\n\n<p><\/p>\n\n\n\n<p>A trav\u00e9s de esta iniciativa, la Innovaci\u00f3n Abierta busca convocar a estudiantes, emprendedores, asociaciones, organizaciones sociales y profesionales del departamento, con el fin de generar soluciones creativas y viables a problem\u00e1ticas de alto impacto en Caldas.<\/p>\n\n\n\n<p><\/p>\n\n\n\n<h2 class=\"wp-block-heading\">Retos 2026: soluciones para el desarrollo sostenible<\/h2>\n\n\n\n<p><\/p>\n\n\n\n<h3 class=\"wp-block-heading\">Nuevos modelos productivos y sostenibles<\/h3>\n\n\n\n<p>Este reto busca fomentar la creaci\u00f3n de modelos de negocio en los municipios de Caldas, basados en la transformaci\u00f3n y valorizaci\u00f3n de subproductos agr\u00edcolas como caf\u00e9, pl\u00e1tano, ca\u00f1a, panela, c\u00edtricos, aguacate y l\u00e1cteos, promoviendo la sostenibilidad, la inclusi\u00f3n social y la equidad.<\/p>\n\n\n\n<h3 class=\"wp-block-heading\">Conocimiento e innovaci\u00f3n para la equidad<\/h3>\n\n\n\n<p>El segundo desaf\u00edo est\u00e1 orientado al desarrollo de soluciones innovadoras que mejoren la nutrici\u00f3n, el bienestar y la calidad de vida de las personas mayores, promoviendo su autonom\u00eda, inclusi\u00f3n y participaci\u00f3n activa mediante el uso de saberes tradicionales y nuevas tecnolog\u00edas.<\/p>\n\n\n\n<h2 class=\"wp-block-heading\">Pr\u00f3ximas etapas del proceso<\/h2>\n\n\n\n<p><\/p>\n\n\n\n<p>Durante el mes de mayo se llevar\u00e1 a cabo la segunda etapa, enfocada en bootcamps de ideaci\u00f3n y prototipado, dise\u00f1ados para fortalecer las propuestas postuladas.<\/p>\n\n\n\n<p><\/p>\n\n\n\n<div class=\"wp-block-columns is-layout-flex wp-container-core-columns-is-layout-9d6595d7 wp-block-columns-is-layout-flex\">\n<div class=\"wp-block-column is-layout-flow wp-block-column-is-layout-flow\">\n<figure class=\"wp-block-image size-full\"><img decoding=\"async\" src=\"https:\/\/ucm.edu.co\/intranet\/wp-content\/uploads\/2026\/04\/emprende-retos-2026-ucm-1.jpeg\" alt=\"\" class=\"wp-image-233313\" \/><\/figure>\n<\/div>\n\n\n\n<div class=\"wp-block-column is-layout-flow wp-block-column-is-layout-flow\">\n<figure class=\"wp-block-image size-full\"><img decoding=\"async\" src=\"https:\/\/ucm.edu.co\/intranet\/wp-content\/uploads\/2026\/04\/ucm-emprende-ucm.jpeg\" alt=\"\" class=\"wp-image-233315\" \/><\/figure>\n<\/div>\n<\/div>\n\n\n\n<p>En la tercera etapa se realizar\u00e1 la implementaci\u00f3n de las soluciones seleccionadas. Las dos mejores iniciativas recibir\u00e1n un aporte de $4.000.000 cada una para el desarrollo de prototipos y validaci\u00f3n en el mercado.<\/p>\n\n\n\n<p>Finalmente, el proceso culminar\u00e1 con el Open Day, un espacio en el que los equipos presentar\u00e1n sus desarrollos ante actores estrat\u00e9gicos del ecosistema regional de innovaci\u00f3n.<\/p>\n\n\n\n<h2 class=\"wp-block-heading\">Compromiso con la transformaci\u00f3n territorial<\/h2>\n\n\n\n<p><\/p>\n\n\n\n<p>Con esta iniciativa, la Universidad Cat\u00f3lica de Manizales reafirma su compromiso con la transformaci\u00f3n territorial, promoviendo procesos de innovaci\u00f3n que generan oportunidades, responden a desaf\u00edos reales y fortalecen el desarrollo sostenible de la regi\u00f3n.<\/p>\n\n\n\n<p>Tambi\u00e9n podr\u00eda interesarte: <a href=\"https:\/\/www.ucm.edu.co\/ucm-alianza-colombia-canada-salud-mental-personal-sanitario\/\">https:\/\/www.ucm.edu.co\/ucm-alianza-colombia-canada-salud-mental-personal-sanitario\/<\/a><\/p>\n","protected":false},"excerpt":{"rendered":"<p>La Universidad Cat\u00f3lica de Manizales avanza en la segunda fase de los Retos de Innovaci\u00f3n Abierta 2026, una iniciativa que articula actores regionales para promover soluciones innovadoras a desaf\u00edos en sostenibilidad y bienestar social en Caldas.<\/p>\n","protected":false},"author":2,"featured_media":223479,"comment_status":"closed","ping_status":"open","sticky":false,"template":"","format":"standard","meta":{"_et_pb_use_builder":"","_et_pb_old_content":"","_et_gb_content_width":"","_monsterinsights_skip_tracking":false,"_monsterinsights_sitenote_active":false,"_monsterinsights_sitenote_note":"","_monsterinsights_sitenote_category":0,"footnotes":""},"categories":[29],"tags":[158,18,19],"class_list":["post-223478","post","type-post","status-publish","format-standard","has-post-thumbnail","hentry","category-proyeccion","tag-emprendimiento","tag-ucm","tag-universidad-catolica-de-manizales"],"_links":{"self":[{"href":"https:\/\/ucm.edu.co\/intranet\/wp-json\/wp\/v2\/posts\/223478","targetHints":{"allow":["GET"]}}],"collection":[{"href":"https:\/\/ucm.edu.co\/intranet\/wp-json\/wp\/v2\/posts"}],"about":[{"href":"https:\/\/ucm.edu.co\/intranet\/wp-json\/wp\/v2\/types\/post"}],"author":[{"embeddable":true,"href":"https:\/\/ucm.edu.co\/intranet\/wp-json\/wp\/v2\/users\/2"}],"replies":[{"embeddable":true,"href":"https:\/\/ucm.edu.co\/intranet\/wp-json\/wp\/v2\/comments?post=223478"}],"version-history":[{"count":1,"href":"https:\/\/ucm.edu.co\/intranet\/wp-json\/wp\/v2\/posts\/223478\/revisions"}],"predecessor-version":[{"id":223484,"href":"https:\/\/ucm.edu.co\/intranet\/wp-json\/wp\/v2\/posts\/223478\/revisions\/223484"}],"wp:featuredmedia":[{"embeddable":true,"href":"https:\/\/ucm.edu.co\/intranet\/wp-json\/wp\/v2\/media\/223479"}],"wp:attachment":[{"href":"https:\/\/ucm.edu.co\/intranet\/wp-json\/wp\/v2\/media?parent=223478"}],"wp:term":[{"taxonomy":"category","embeddable":true,"href":"https:\/\/ucm.edu.co\/intranet\/wp-json\/wp\/v2\/categories?post=223478"},{"taxonomy":"post_tag","embeddable":true,"href":"https:\/\/ucm.edu.co\/intranet\/wp-json\/wp\/v2\/tags?post=223478"}],"curies":[{"name":"wp","href":"https:\/\/api.w.org\/{rel}","templated":true}]}}