{"id":224311,"date":"2026-07-27T17:05:02","date_gmt":"2026-07-27T22:05:02","guid":{"rendered":"https:\/\/www.ucm.edu.co\/?p=234960"},"modified":"2026-07-28T07:41:09","modified_gmt":"2026-07-28T12:41:09","slug":"28-de-julio-dia-nacional-de-la-seguridad-y-salud-en-el-trabajo","status":"publish","type":"post","link":"https:\/\/ucm.edu.co\/intranet\/28-de-julio-dia-nacional-de-la-seguridad-y-salud-en-el-trabajo\/","title":{"rendered":"28 de julio: D\u00eda Nacional de la Seguridad y Salud en el Trabajo"},"content":{"rendered":"\n<p class=\"wp-block-paragraph\">En el marco de la conmemoraci\u00f3n del D\u00eda Nacional de la Seguridad y Salud en el Trabajo, el Comit\u00e9 Seccional de Seguridad y Salud en el Trabajo (COSESST) de Caldas realiz\u00f3 una jornada acad\u00e9mica y de reflexi\u00f3n en el municipio de Neira, que reuni\u00f3 a representantes de entidades p\u00fablicas, administradoras de riesgos laborales, profesionales del \u00e1rea y organizaciones comprometidas con la promoci\u00f3n de entornos laborales seguros.<\/p>\n\n\n\n<p class=\"wp-block-paragraph\">En Colombia, cada 28 de julio se conmemora esta fecha como un homenaje p\u00f3stumo a los m\u00e1s de 120 trabajadores que perdieron la vida en 1983 durante la construcci\u00f3n de la represa del Guavio, una tragedia que evidenci\u00f3 las graves consecuencias que puede tener la ausencia de medidas adecuadas de promoci\u00f3n, prevenci\u00f3n y control en materia de seguridad y salud en el trabajo.<\/p>\n\n\n\n<h2 class=\"wp-block-heading\">Un compromiso de todos con la prevenci\u00f3n<\/h2>\n\n\n\n<p class=\"wp-block-paragraph\">Asimismo, la presencia de la Universidad Cat\u00f3lica de Manizales en este escenario hace parte de la alianza estrat\u00e9gica que mantiene con la Direcci\u00f3n Territorial del Ministerio del Trabajo en Caldas, una articulaci\u00f3n que fortalece las acciones de capacitaci\u00f3n, divulgaci\u00f3n y apropiaci\u00f3n de buenas pr\u00e1cticas en seguridad y salud en el trabajo, reafirmando el aporte de la UCM al desarrollo regional desde la docencia, la investigaci\u00f3n y la proyecci\u00f3n social a trav\u00e9s de sus especializaciones en SST y Ergonom\u00eda y su Directora Alejandra Garay Salamanca.<\/p>\n\n\n\n<p class=\"wp-block-paragraph\">Esta conmemoraci\u00f3n record\u00f3 que la falta de controles puede poner en riesgo la vida de quienes desarrollan sus actividades laborales y que la prevenci\u00f3n debe ser un compromiso permanente y una responsabilidad compartida entre empleadores, trabajadores, entidades p\u00fablicas y dem\u00e1s actores del <strong>Sistema de Gesti\u00f3n de Seguridad y Salud en el Trabajo (SG-SST)<\/strong>.<\/p>\n\n\n\n<p class=\"wp-block-paragraph\"><\/p>\n\n\n\n<div class=\"wp-block-columns is-layout-flex wp-container-core-columns-is-layout-8f761849 wp-block-columns-is-layout-flex\">\n<div class=\"wp-block-column is-layout-flow wp-block-column-is-layout-flow\">\n<figure class=\"wp-block-image size-full\"><img decoding=\"async\" src=\"https:\/\/ucm.edu.co\/intranet\/wp-content\/uploads\/2026\/07\/ucm-sst.jpeg\" alt=\"\" class=\"wp-image-234961\" \/><\/figure>\n<\/div>\n\n\n\n<div class=\"wp-block-column is-layout-flow wp-block-column-is-layout-flow\">\n<p class=\"wp-block-paragraph\">Esta conmemoraci\u00f3n record\u00f3 que la falta de controles puede poner en riesgo la vida de quienes desarrollan sus actividades laborales y que la prevenci\u00f3n debe ser un compromiso permanente y una responsabilidad compartida entre empleadores, trabajadores, entidades p\u00fablicas y dem\u00e1s actores del <strong>Sistema de Gesti\u00f3n de Seguridad y Salud en el Trabajo (SG-SST)<\/strong>.<\/p>\n<\/div>\n<\/div>\n\n\n\n<p class=\"wp-block-paragraph\">La fecha tambi\u00e9n es un recordatorio para todos los actores del <strong>Sistema de Gesti\u00f3n de Seguridad y Salud en el Trabajo (SG-SST)<\/strong> sobre la responsabilidad de identificar, evaluar, controlar y prevenir los peligros y riesgos a los que se encuentran expuestos los trabajadores durante el desarrollo de sus actividades laborales.<\/p>\n\n\n\n<h2 class=\"wp-block-heading\">Actualizaci\u00f3n en temas clave para la gesti\u00f3n del riesgo<\/h2>\n\n\n\n<p class=\"wp-block-paragraph\">Durante la jornada, realizada en el Centro Cultural y de Servicios Jes\u00fas Jim\u00e9nez G\u00f3mez de Neira, los asistentes participaron en una agenda acad\u00e9mica orientada al fortalecimiento del Sistema de Gesti\u00f3n de Seguridad y Salud en el Trabajo.<\/p>\n\n\n\n<p class=\"wp-block-paragraph\">La apertura estuvo a cargo de la <strong>Direcci\u00f3n Territorial de Caldas del Ministerio del Trabajo<\/strong>, que destac\u00f3 la importancia de continuar promoviendo acciones de prevenci\u00f3n en todos los sectores productivos.<\/p>\n\n\n\n<p class=\"wp-block-paragraph\">Posteriormente, expertos de SIGPRO Colombia S.A.S., ARL Positiva, ARL SURA y ARL Colmena desarrollaron conferencias sobre temas como el riesgo biomec\u00e1nico, la articulaci\u00f3n del Plan Estrat\u00e9gico de Seguridad Vial (PESV) con el SG-SST, la gesti\u00f3n efectiva del riesgo y la implementaci\u00f3n de pausas activas como estrategia para promover el bienestar de los trabajadores.<\/p>\n\n\n\n<div class=\"wp-block-columns is-layout-flex wp-container-core-columns-is-layout-8f761849 wp-block-columns-is-layout-flex\">\n<div class=\"wp-block-column is-layout-flow wp-block-column-is-layout-flow\">\n<figure class=\"wp-block-image size-full\"><img decoding=\"async\" src=\"https:\/\/ucm.edu.co\/intranet\/wp-content\/uploads\/2026\/07\/seguridad-y-salud-en-el-trabajo-neira.jpeg\" alt=\"\" class=\"wp-image-234986\" \/><\/figure>\n<\/div>\n\n\n\n<div class=\"wp-block-column is-layout-flow wp-block-column-is-layout-flow\">\n<figure class=\"wp-block-image size-full\"><img decoding=\"async\" src=\"https:\/\/ucm.edu.co\/intranet\/wp-content\/uploads\/2026\/07\/seguridad-y-salud-en-el-trabajo-ucm-2.jpeg\" alt=\"\" class=\"wp-image-234987\" \/><\/figure>\n<\/div>\n<\/div>\n\n\n\n<p class=\"wp-block-paragraph\">El prop\u00f3sito es claro: <strong>prevenir muertes, lesiones y enfermedades laborales<\/strong>, mediante la implementaci\u00f3n de acciones eficaces y el cumplimiento de los lineamientos establecidos en la normatividad vigente.<\/p>\n\n\n\n<p class=\"wp-block-paragraph\">El 28 de julio no es solo una fecha para recordar una tragedia del pasado. Es tambi\u00e9n una oportunidad para reafirmar que la seguridad y la salud en el trabajo deben ser una prioridad permanente. Cada control implementado, cada riesgo identificado y cada medida preventiva aplicada puede marcar la diferencia entre una jornada laboral segura y una tragedia.<\/p>\n\n\n\n<p class=\"wp-block-paragraph\">Tambi\u00e9n podr\u00eda interesarte: <a href=\"https:\/\/www.ucm.edu.co\/universidad-catolica-de-manizales-y-universidad-de-salamanca-fortalecen-mas-de-25-anos-de-cooperacion-academica\/\">https:\/\/www.ucm.edu.co\/universidad-catolica-de-manizales-y-universidad-de-salamanca-fortalecen-mas-de-25-anos-de-cooperacion-academica\/<\/a><\/p>\n\n\n\n<p class=\"wp-block-paragraph\"><\/p>\n","protected":false},"excerpt":{"rendered":"<p>En el marco del D\u00eda Nacional de la Seguridad y Salud en el Trabajo, el COSESST Caldas realiz\u00f3 en Neira una jornada acad\u00e9mica y de reflexi\u00f3n para promover la prevenci\u00f3n de riesgos laborales y fortalecer la cultura de la seguridad. El evento record\u00f3 la tragedia de la represa del Guavio, ocurrida en 1983, y destac\u00f3 la importancia de implementar acciones que permitan proteger la vida y la salud de los trabajadores mediante una gesti\u00f3n efectiva de los riesgos y el cumplimiento de la normatividad vigente.<\/p>\n","protected":false},"author":2,"featured_media":224339,"comment_status":"closed","ping_status":"open","sticky":false,"template":"","format":"standard","meta":{"_et_pb_use_builder":"","_et_pb_old_content":"","_et_gb_content_width":"","_monsterinsights_skip_tracking":false,"footnotes":""},"categories":[29],"tags":[18,19],"class_list":["post-224311","post","type-post","status-publish","format-standard","has-post-thumbnail","hentry","category-proyeccion","tag-ucm","tag-universidad-catolica-de-manizales"],"_links":{"self":[{"href":"https:\/\/ucm.edu.co\/intranet\/wp-json\/wp\/v2\/posts\/224311","targetHints":{"allow":["GET"]}}],"collection":[{"href":"https:\/\/ucm.edu.co\/intranet\/wp-json\/wp\/v2\/posts"}],"about":[{"href":"https:\/\/ucm.edu.co\/intranet\/wp-json\/wp\/v2\/types\/post"}],"author":[{"embeddable":true,"href":"https:\/\/ucm.edu.co\/intranet\/wp-json\/wp\/v2\/users\/2"}],"replies":[{"embeddable":true,"href":"https:\/\/ucm.edu.co\/intranet\/wp-json\/wp\/v2\/comments?post=224311"}],"version-history":[{"count":9,"href":"https:\/\/ucm.edu.co\/intranet\/wp-json\/wp\/v2\/posts\/224311\/revisions"}],"predecessor-version":[{"id":224344,"href":"https:\/\/ucm.edu.co\/intranet\/wp-json\/wp\/v2\/posts\/224311\/revisions\/224344"}],"wp:featuredmedia":[{"embeddable":true,"href":"https:\/\/ucm.edu.co\/intranet\/wp-json\/wp\/v2\/media\/224339"}],"wp:attachment":[{"href":"https:\/\/ucm.edu.co\/intranet\/wp-json\/wp\/v2\/media?parent=224311"}],"wp:term":[{"taxonomy":"category","embeddable":true,"href":"https:\/\/ucm.edu.co\/intranet\/wp-json\/wp\/v2\/categories?post=224311"},{"taxonomy":"post_tag","embeddable":true,"href":"https:\/\/ucm.edu.co\/intranet\/wp-json\/wp\/v2\/tags?post=224311"}],"curies":[{"name":"wp","href":"https:\/\/api.w.org\/{rel}","templated":true}]}}