{"id":224319,"date":"2026-07-27T17:46:38","date_gmt":"2026-07-27T22:46:38","guid":{"rendered":"https:\/\/www.ucm.edu.co\/?p=234990"},"modified":"2026-07-27T17:54:42","modified_gmt":"2026-07-27T22:54:42","slug":"asi-fue-la-bienvenida-a-los-nuevos-estudiantes-de-la-ucm","status":"publish","type":"post","link":"https:\/\/ucm.edu.co\/intranet\/asi-fue-la-bienvenida-a-los-nuevos-estudiantes-de-la-ucm\/","title":{"rendered":"As\u00ed fue la bienvenida a los nuevos estudiantes de la UCM"},"content":{"rendered":"\n<p class=\"wp-block-paragraph\">La Universidad Cat\u00f3lica de Manizales realiz\u00f3 la jornada de inducci\u00f3n para los estudiantes nuevos del per\u00edodo acad\u00e9mico 2026-2, un espacio dise\u00f1ado para dar la bienvenida a quienes comienzan su proyecto de vida profesional y facilitar su integraci\u00f3n a la comunidad universitaria.<\/p>\n\n\n\n<h2 class=\"wp-block-heading\">Construyendo el futuro desde el primer d\u00eda<\/h2>\n\n\n\n<p class=\"wp-block-paragraph\">Durante la apertura de la jornada participaron el rector Cristian Camilo Guti\u00e9rrez Restrepo; Hna.  Elsa Miriam Londo\u00f1o Valencia, vicerrectora Acad\u00e9mica; Hna. Mar\u00eda Amanda Tangarife Rodr\u00edguez, vicerrectora Administrativa y Financiera; Hna. Aurora Ca\u00f1as Montagut, vicerrectora de Bienestar y Pastoral Universitaria; y la Mag\u00edster Catalina Triana Navas, secretaria General, quienes dieron la bienvenida oficial a los nuevos estudiantes y presentaron la visi\u00f3n institucional de la Universidad Cat\u00f3lica de Manizales.<\/p>\n\n\n\n<p class=\"wp-block-paragraph\"><\/p>\n\n\n\n<div class=\"wp-block-columns is-layout-flex wp-container-core-columns-is-layout-8f761849 wp-block-columns-is-layout-flex\">\n<div class=\"wp-block-column is-layout-flow wp-block-column-is-layout-flow\">\n<figure class=\"wp-block-image size-full\"><img decoding=\"async\" src=\"https:\/\/ucm.edu.co\/intranet\/wp-content\/uploads\/2026\/07\/ucm-humana-ucm-induccion.jpeg\" alt=\"\" class=\"wp-image-234991\" \/><\/figure>\n<\/div>\n\n\n\n<div class=\"wp-block-column is-layout-flow wp-block-column-is-layout-flow\">\n<figure class=\"wp-block-image size-full\"><img decoding=\"async\" src=\"https:\/\/ucm.edu.co\/intranet\/wp-content\/uploads\/2026\/07\/rector-ucm-1.jpeg\" alt=\"\" class=\"wp-image-235004\" \/><\/figure>\n<\/div>\n<\/div>\n\n\n\n<p class=\"wp-block-paragraph\"><\/p>\n\n\n\n<h2 class=\"wp-block-heading\">Calidad, planeaci\u00f3n y proyecci\u00f3n institucional<\/h2>\n\n\n\n<p class=\"wp-block-paragraph\"><\/p>\n\n\n\n<p class=\"wp-block-paragraph\">Por otro lado,  Como parte de la agenda, los estudiantes tambi\u00e9n conocieron c\u00f3mo la Universidad vive su compromiso con la excelencia acad\u00e9mica a trav\u00e9s de la Cultura de la Calidad y la Acreditaci\u00f3n Institucional, as\u00ed como los principales retos y objetivos contemplados en el Plan de Desarrollo Institucional (PDI). Estos espacios permitieron comprender el compromiso permanente de la UCM con el mejoramiento continuo y la consolidaci\u00f3n de una educaci\u00f3n de alta calidad.<\/p>\n\n\n\n<p class=\"wp-block-paragraph\"><\/p>\n\n\n\n<p class=\"wp-block-paragraph\"><\/p>\n\n\n\n<div class=\"wp-block-columns is-layout-flex wp-container-core-columns-is-layout-8f761849 wp-block-columns-is-layout-flex\">\n<div class=\"wp-block-column is-layout-flow wp-block-column-is-layout-flow\">\n<figure class=\"wp-block-image size-full\"><img decoding=\"async\" src=\"https:\/\/ucm.edu.co\/intranet\/wp-content\/uploads\/2026\/07\/ucm-induccion-importante-2.jpeg\" alt=\"\" class=\"wp-image-235006\" \/><\/figure>\n<\/div>\n\n\n\n<div class=\"wp-block-column is-layout-flow wp-block-column-is-layout-flow\">\n<figure class=\"wp-block-image size-full\"><img decoding=\"async\" src=\"https:\/\/ucm.edu.co\/intranet\/wp-content\/uploads\/2026\/07\/indeuccion-de-nuevos-estudiantes.jpeg\" alt=\"\" class=\"wp-image-234994\" \/><\/figure>\n<\/div>\n<\/div>\n\n\n\n<p class=\"wp-block-paragraph\"><\/p>\n\n\n\n<h2 class=\"wp-block-heading\">El inicio de una nueva etapa acad\u00e9mica<\/h2>\n\n\n\n<p class=\"wp-block-paragraph\"><\/p>\n\n\n\n<p class=\"wp-block-paragraph\">La jornada concluy\u00f3 con un momento de oraci\u00f3n y reflexi\u00f3n para encomendar el semestre que inicia y posteriormente continu\u00f3 con actividades de integraci\u00f3n en las instalaciones de la Universidad, favoreciendo el encuentro entre estudiantes, docentes y directivos.<\/p>\n\n\n\n<p class=\"wp-block-paragraph\">Finalmente, Con esta inducci\u00f3n la Universidad Cat\u00f3lica de Manizales reafirma su compromiso de acompa\u00f1ar a los nuevos estudiantes desde el primer d\u00eda de su vida universitaria, brind\u00e1ndoles las herramientas, el respaldo institucional y los espacios necesarios para vivir una experiencia acad\u00e9mica integral, humana y transformadora.<\/p>\n\n\n\n<p class=\"wp-block-paragraph\"><\/p>\n\n\n\n<p class=\"wp-block-paragraph\"><\/p>\n\n\n\n<div class=\"wp-block-columns is-layout-flex wp-container-core-columns-is-layout-8f761849 wp-block-columns-is-layout-flex\">\n<div class=\"wp-block-column is-layout-flow wp-block-column-is-layout-flow\">\n<figure class=\"wp-block-image size-large\"><img decoding=\"async\" src=\"https:\/\/ucm.edu.co\/intranet\/wp-content\/uploads\/2026\/07\/ucm-bienvenida-1024x576-1.jpeg\" alt=\"\" class=\"wp-image-234995\" \/><\/figure>\n<\/div>\n\n\n\n<div class=\"wp-block-column is-layout-flow wp-block-column-is-layout-flow\">\n<figure class=\"wp-block-image size-full\"><img decoding=\"async\" src=\"https:\/\/ucm.edu.co\/intranet\/wp-content\/uploads\/2026\/07\/induccion-ceremonia-de-luz.jpeg\" alt=\"\" class=\"wp-image-234996\" \/><\/figure>\n<\/div>\n<\/div>\n\n\n\n<p class=\"wp-block-paragraph\"><\/p>\n\n\n\n<p class=\"wp-block-paragraph\">Tambi\u00e9n podr\u00eda interesarte: <a href=\"https:\/\/www.ucm.edu.co\/universidad-catolica-de-manizales-y-universidad-de-salamanca-fortalecen-mas-de-25-anos-de-cooperacion-academica\/\">https:\/\/www.ucm.edu.co\/universidad-catolica-de-manizales-y-universidad-de-salamanca-fortalecen-mas-de-25-anos-de-cooperacion-academica\/<\/a><\/p>\n\n\n\n<p class=\"wp-block-paragraph\"><\/p>\n","protected":false},"excerpt":{"rendered":"<p>La Universidad Cat\u00f3lica de Manizales dio la bienvenida a los estudiantes nuevos del per\u00edodo 2026-2 con una jornada de inducci\u00f3n orientada a facilitar su integraci\u00f3n a la vida universitaria y dar a conocer los servicios, programas y oportunidades que acompa\u00f1ar\u00e1n su formaci\u00f3n integral.<\/p>\n","protected":false},"author":2,"featured_media":224320,"comment_status":"closed","ping_status":"open","sticky":false,"template":"","format":"standard","meta":{"_et_pb_use_builder":"","_et_pb_old_content":"","_et_gb_content_width":"","_monsterinsights_skip_tracking":false,"footnotes":""},"categories":[29],"tags":[880,18,19],"class_list":["post-224319","post","type-post","status-publish","format-standard","has-post-thumbnail","hentry","category-proyeccion","tag-induccion-estudiantes-nuevos","tag-ucm","tag-universidad-catolica-de-manizales"],"_links":{"self":[{"href":"https:\/\/ucm.edu.co\/intranet\/wp-json\/wp\/v2\/posts\/224319","targetHints":{"allow":["GET"]}}],"collection":[{"href":"https:\/\/ucm.edu.co\/intranet\/wp-json\/wp\/v2\/posts"}],"about":[{"href":"https:\/\/ucm.edu.co\/intranet\/wp-json\/wp\/v2\/types\/post"}],"author":[{"embeddable":true,"href":"https:\/\/ucm.edu.co\/intranet\/wp-json\/wp\/v2\/users\/2"}],"replies":[{"embeddable":true,"href":"https:\/\/ucm.edu.co\/intranet\/wp-json\/wp\/v2\/comments?post=224319"}],"version-history":[{"count":7,"href":"https:\/\/ucm.edu.co\/intranet\/wp-json\/wp\/v2\/posts\/224319\/revisions"}],"predecessor-version":[{"id":224337,"href":"https:\/\/ucm.edu.co\/intranet\/wp-json\/wp\/v2\/posts\/224319\/revisions\/224337"}],"wp:featuredmedia":[{"embeddable":true,"href":"https:\/\/ucm.edu.co\/intranet\/wp-json\/wp\/v2\/media\/224320"}],"wp:attachment":[{"href":"https:\/\/ucm.edu.co\/intranet\/wp-json\/wp\/v2\/media?parent=224319"}],"wp:term":[{"taxonomy":"category","embeddable":true,"href":"https:\/\/ucm.edu.co\/intranet\/wp-json\/wp\/v2\/categories?post=224319"},{"taxonomy":"post_tag","embeddable":true,"href":"https:\/\/ucm.edu.co\/intranet\/wp-json\/wp\/v2\/tags?post=224319"}],"curies":[{"name":"wp","href":"https:\/\/api.w.org\/{rel}","templated":true}]}}