{"id":224379,"date":"2026-08-03T11:28:47","date_gmt":"2026-08-03T16:28:47","guid":{"rendered":"https:\/\/www.ucm.edu.co\/?p=235050"},"modified":"2026-08-04T08:23:57","modified_gmt":"2026-08-04T13:23:57","slug":"la-ucm-dio-la-bienvenida-a-una-nueva-cohorte-de-la-maestria-en-microbiologia-agroindustrial","status":"publish","type":"post","link":"https:\/\/ucm.edu.co\/intranet\/la-ucm-dio-la-bienvenida-a-una-nueva-cohorte-de-la-maestria-en-microbiologia-agroindustrial\/","title":{"rendered":"La UCM dio la bienvenida a una nueva cohorte de la Maestr\u00eda en Microbiolog\u00eda Agroindustrial"},"content":{"rendered":"\n<p class=\"wp-block-paragraph\">La Universidad Cat\u00f3lica de Manizales realiz\u00f3 el pasado 31 de julio de 2026 el acto de apertura de una nueva cohorte de la <a href=\"https:\/\/www.ucm.edu.co\/programa\/maestria-en-microbiologia-agroindustrial\/\" data-type=\"link\" data-id=\"https:\/\/www.ucm.edu.co\/programa\/maestria-en-microbiologia-agroindustrial\/\">Maestr\u00eda en Microbiolog\u00eda Agroindustrial<\/a>, Con 9 nuevos estudiantes, esta cifra representa un hito para el programa de maestr\u00eda, pues no se registraba un n\u00famero similar de nuevos estudiantes desde hace m\u00e1s de siete a\u00f1os. Adem\u00e1s, dos de los estudiantes admitidos fueron viabilizados a trav\u00e9s de la Convocatoria 975-2026 \u201cBecas para el Cambio\u201d de Minciencias, una iniciativa orientada a fortalecer la formaci\u00f3n de alto nivel y el desarrollo del talento humano en el pa\u00eds.<\/p>\n\n\n\n<p class=\"wp-block-paragraph\">En primer lugar, La jornada inici\u00f3 con la interpretaci\u00f3n del Himno de la UCM y cont\u00f3 con la participaci\u00f3n de representantes de las directivas institucionales, quienes brindaron un saludo de bienvenida y destacaron la importancia de este nuevo proceso de formaci\u00f3n posgradual.<\/p>\n\n\n\n<p class=\"wp-block-paragraph\"><\/p>\n\n\n\n<h2 class=\"wp-block-heading\">Una bienvenida que marca el inicio de una nueva experiencia acad\u00e9mica<\/h2>\n\n\n\n<p class=\"wp-block-paragraph\"><\/p>\n\n\n\n<p class=\"wp-block-paragraph\">Durante el encuentro, la Facultad de Ciencias de la Salud y la direcci\u00f3n del programa acompa\u00f1aron la apertura de la nueva cohorte y compartieron un mensaje de bienvenida con los estudiantes, resaltando el compromiso institucional con la formaci\u00f3n acad\u00e9mica, la investigaci\u00f3n y la generaci\u00f3n de conocimiento en el campo de la microbiolog\u00eda agroindustrial.<\/p>\n\n\n\n<p class=\"wp-block-paragraph\"><\/p>\n\n\n\n<div class=\"wp-block-columns is-layout-flex wp-container-core-columns-is-layout-8f761849 wp-block-columns-is-layout-flex\">\n<div class=\"wp-block-column is-layout-flow wp-block-column-is-layout-flow\">\n<figure class=\"wp-block-image size-full\"><img decoding=\"async\" src=\"https:\/\/ucm.edu.co\/intranet\/wp-content\/uploads\/2026\/08\/ucm-apertura-microbiologia.jpeg\" alt=\"\" class=\"wp-image-235051\" \/><\/figure>\n<\/div>\n\n\n\n<div class=\"wp-block-column is-layout-flow wp-block-column-is-layout-flow\">\n<figure class=\"wp-block-image size-full\"><img decoding=\"async\" src=\"https:\/\/ucm.edu.co\/intranet\/wp-content\/uploads\/2026\/08\/ucm-microbiologia.jpeg\" alt=\"\" class=\"wp-image-235052\" \/><\/figure>\n<\/div>\n<\/div>\n\n\n\n<p class=\"wp-block-paragraph\"><\/p>\n\n\n\n<p class=\"wp-block-paragraph\">Tambi\u00e9n, los estudiantes de la nueva cohorte tuvieron la oportunidad de presentarse, compartir sus expectativas y comenzar a construir v\u00ednculos con la comunidad acad\u00e9mica que los acompa\u00f1ar\u00e1 durante su proceso formativo.<\/p>\n\n\n\n<p class=\"wp-block-paragraph\">Este espacio favoreci\u00f3 la integraci\u00f3n y permiti\u00f3 reconocer la diversidad de experiencias, conocimientos e intereses que aportar\u00e1n al desarrollo de las actividades acad\u00e9micas y al fortalecimiento del programa.<\/p>\n\n\n\n<p class=\"wp-block-paragraph\"><\/p>\n\n\n\n<h2 class=\"wp-block-heading\">Servicios institucionales que acompa\u00f1ar\u00e1n el proceso formativo<\/h2>\n\n\n\n<p class=\"wp-block-paragraph\"><\/p>\n\n\n\n<p class=\"wp-block-paragraph\">La jornada tambi\u00e9n brind\u00f3 informaci\u00f3n sobre los servicios, recursos y espacios institucionales que acompa\u00f1ar\u00e1n la formaci\u00f3n integral de los estudiantes.<\/p>\n\n\n\n<p class=\"wp-block-paragraph\">Durante el encuentro se presentaron las iniciativas de Bienestar y Pastoral Universitaria, los servicios del Centro de Idiomas y los recursos disponibles en la Biblioteca \u201cJosefina N\u00fa\u00f1ez\u201d. Asimismo, los estudiantes recibieron orientaci\u00f3n sobre el uso de la plataforma Moodle, herramienta fundamental para el desarrollo y seguimiento de las actividades acad\u00e9micas.<\/p>\n\n\n\n<p class=\"wp-block-paragraph\"><\/p>\n\n\n\n<h2 class=\"wp-block-heading\">La UCM reafirm\u00f3 su compromiso con la formaci\u00f3n avanzada en microbiolog\u00eda agroindustrial<\/h2>\n\n\n\n<p class=\"wp-block-paragraph\"><\/p>\n\n\n\n<p class=\"wp-block-paragraph\">Adem\u00e1s, con el desarrollo de este acto de apertura, la Universidad Cat\u00f3lica de Manizales reafirm\u00f3 su compromiso con el acompa\u00f1amiento integral de sus estudiantes y con la formaci\u00f3n de profesionales capaces de aportar al desarrollo cient\u00edfico, tecnol\u00f3gico y social desde el campo de la microbiolog\u00eda agroindustrial.<\/p>\n\n\n\n<p class=\"wp-block-paragraph\">La apertura de esta nueva cohorte represent\u00f3 el comienzo de una etapa orientada a la generaci\u00f3n de conocimiento, el fortalecimiento de capacidades investigativas y la construcci\u00f3n de soluciones para los retos del sector agroindustrial.<\/p>\n\n\n\n<p class=\"wp-block-paragraph\"><strong>En la UCM, acompa\u00f1amos cada nuevo comienzo y fortalecemos el conocimiento para transformar la sociedad.<\/strong><\/p>\n\n\n\n<p class=\"wp-block-paragraph\">Tambi\u00e9n podr\u00eda interesarte:<a href=\"https:\/\/www.ucm.edu.co\/asi-fue-la-bienvenida-a-los-nuevos-estudiantes-de-la-ucm\/\"> https:\/\/www.ucm.edu.co\/asi-fue-la-bienvenida-a-los-nuevos-estudiantes-de-la-ucm\/<\/a><\/p>\n\n\n\n<p class=\"wp-block-paragraph\">.<\/p>\n","protected":false},"excerpt":{"rendered":"<p>Con la llegada de nueve nuevos estudiantes, la Maestr\u00eda en Microbiolog\u00eda Agroindustrial de la Universidad Cat\u00f3lica de Manizales inicia una nueva cohorte que fortalece la formaci\u00f3n posgradual, la investigaci\u00f3n y la construcci\u00f3n de conocimiento.<\/p>\n","protected":false},"author":2,"featured_media":224380,"comment_status":"closed","ping_status":"open","sticky":false,"template":"","format":"standard","meta":{"_et_pb_use_builder":"","_et_pb_old_content":"","_et_gb_content_width":"","_monsterinsights_skip_tracking":false,"footnotes":""},"categories":[29,34],"tags":[891,18,19],"class_list":["post-224379","post","type-post","status-publish","format-standard","has-post-thumbnail","hentry","category-proyeccion","category-internacionalizacion","tag-maestria-en-microbiologia-agroindustrial","tag-ucm","tag-universidad-catolica-de-manizales"],"_links":{"self":[{"href":"https:\/\/ucm.edu.co\/intranet\/wp-json\/wp\/v2\/posts\/224379","targetHints":{"allow":["GET"]}}],"collection":[{"href":"https:\/\/ucm.edu.co\/intranet\/wp-json\/wp\/v2\/posts"}],"about":[{"href":"https:\/\/ucm.edu.co\/intranet\/wp-json\/wp\/v2\/types\/post"}],"author":[{"embeddable":true,"href":"https:\/\/ucm.edu.co\/intranet\/wp-json\/wp\/v2\/users\/2"}],"replies":[{"embeddable":true,"href":"https:\/\/ucm.edu.co\/intranet\/wp-json\/wp\/v2\/comments?post=224379"}],"version-history":[{"count":7,"href":"https:\/\/ucm.edu.co\/intranet\/wp-json\/wp\/v2\/posts\/224379\/revisions"}],"predecessor-version":[{"id":224389,"href":"https:\/\/ucm.edu.co\/intranet\/wp-json\/wp\/v2\/posts\/224379\/revisions\/224389"}],"wp:featuredmedia":[{"embeddable":true,"href":"https:\/\/ucm.edu.co\/intranet\/wp-json\/wp\/v2\/media\/224380"}],"wp:attachment":[{"href":"https:\/\/ucm.edu.co\/intranet\/wp-json\/wp\/v2\/media?parent=224379"}],"wp:term":[{"taxonomy":"category","embeddable":true,"href":"https:\/\/ucm.edu.co\/intranet\/wp-json\/wp\/v2\/categories?post=224379"},{"taxonomy":"post_tag","embeddable":true,"href":"https:\/\/ucm.edu.co\/intranet\/wp-json\/wp\/v2\/tags?post=224379"}],"curies":[{"name":"wp","href":"https:\/\/api.w.org\/{rel}","templated":true}]}}