{"id":224468,"date":"2026-08-19T16:31:22","date_gmt":"2026-08-19T21:31:22","guid":{"rendered":"https:\/\/www.ucm.edu.co\/?p=235155"},"modified":"2026-08-19T16:31:26","modified_gmt":"2026-08-19T21:31:26","slug":"universidad-catolica-de-manizales-dio-la-bienvenida-a-la-segunda-cohorte-del-tecnico-laboral-en-comunicacion-grafica","status":"publish","type":"post","link":"https:\/\/ucm.edu.co\/intranet\/universidad-catolica-de-manizales-dio-la-bienvenida-a-la-segunda-cohorte-del-tecnico-laboral-en-comunicacion-grafica\/","title":{"rendered":"Segunda cohorte de Comunicaci\u00f3n Gr\u00e1fica llega a la UCM para convertir ideas en oportunidades"},"content":{"rendered":"\n<p class=\"wp-block-paragraph\">La Universidad Cat\u00f3lica de Manizales dio la bienvenida a los estudiantes que hacen parte de la segunda cohorte del T\u00e9cnico Laboral en Comunicaci\u00f3n Gr\u00e1fica, jornada nocturna, quienes iniciaron oficialmente su proceso de formaci\u00f3n correspondiente al segundo semestre de 2026. El encuentro de inducci\u00f3n se realiz\u00f3 el martes 18 de agosto, en modalidad virtual, como un espacio para acercar a los nuevos estudiantes a la instituci\u00f3n, presentarles el programa acad\u00e9mico y brindarles informaci\u00f3n sobre los diferentes servicios que acompa\u00f1ar\u00e1n su experiencia universitaria.<\/p>\n\n\n\n<p class=\"wp-block-paragraph\">El evento se desarroll\u00f3 entre las 6:00 p. m. y las 9:00 p. m. y cont\u00f3 con la participaci\u00f3n de directivos, representantes de las \u00e1reas institucionales, docentes y estudiantes. La jornada comenz\u00f3 con el acto de bienvenida por parte de las directivas de la Universidad Cat\u00f3lica de Manizales, encabezada por el rector, el Dr. Cristi\u00e1n Camilo Guti\u00e9rrez Restrepo, la Hna. Elsa Mirian Londo\u00f1o Valencia Vicerrectora Acad\u00e9mica y el Mg. Dilbert Harley Vivas Zarate director Instituto TEC Marie Poussepin, seguido de la presentaci\u00f3n de la Vicerrector\u00eda de Bienestar y Pastoral Universitaria a cargo de Diana Marcela Mu\u00f1oz, en representaci\u00f3n de la Hna. Aurora Ca\u00f1as Montagut y finalizando con la presentaci\u00f3n del programa acad\u00e9mico en manos de la Mg. Martha Isabel Guti\u00e9rrez Ospina, Coordinadora Acad\u00e9mica del Instituto TEC Marie Poussepin.<\/p>\n\n\n\n<h2 class=\"wp-block-heading\">Un encuentro para conocer la Universidad y el programa<\/h2>\n\n\n\n<p class=\"wp-block-paragraph\">Durante la jornada tambi\u00e9n se dio inicio al componente acad\u00e9mico con la asignatura Fundamentos de Dise\u00f1o, orientada por el docente Francisco Javier C\u00e9spedes, permitiendo que los estudiantes tuvieran un primer acercamiento a la din\u00e1mica formativa que los acompa\u00f1ar\u00e1 durante este semestre.<\/p>\n\n\n\n<p class=\"wp-block-paragraph\"><\/p>\n\n\n\n<div class=\"wp-block-columns is-layout-flex wp-container-core-columns-is-layout-8f761849 wp-block-columns-is-layout-flex\">\n<div class=\"wp-block-column is-layout-flow wp-block-column-is-layout-flow\">\n<figure class=\"wp-block-image size-full\"><img decoding=\"async\" src=\"https:\/\/ucm.edu.co\/intranet\/wp-content\/uploads\/2026\/08\/Comunicacion-grafica-apertura.jpg.jpeg\" alt=\"\" class=\"wp-image-235157\" \/><\/figure>\n<\/div>\n\n\n\n<div class=\"wp-block-column is-layout-flow wp-block-column-is-layout-flow\">\n<figure class=\"wp-block-image size-full\"><img decoding=\"async\" src=\"https:\/\/ucm.edu.co\/intranet\/wp-content\/uploads\/2026\/08\/Comunicacion-grafica-2.jpg.jpeg\" alt=\"\" class=\"wp-image-235158\" \/><\/figure>\n<\/div>\n<\/div>\n\n\n\n<p class=\"wp-block-paragraph\">La segunda cohorte re\u00fane estudiantes con diferentes experiencias, intereses y trayectorias. Algunos se desempe\u00f1an en \u00e1reas relacionadas con el dise\u00f1o gr\u00e1fico, la publicidad y la creaci\u00f3n de contenidos, mientras que otros encuentran en este programa una oportunidad para fortalecer sus habilidades y prepararse para nuevos retos profesionales. Entre sus motivaciones para elegir la Universidad se destacan la calidad acad\u00e9mica, la flexibilidad de horarios, las oportunidades de formaci\u00f3n y el inter\u00e9s por desarrollar competencias en el campo de la comunicaci\u00f3n gr\u00e1fica.<\/p>\n\n\n\n<h2 class=\"wp-block-heading\">La experiencia universitaria tambi\u00e9n se construye desde la virtualidad<\/h2>\n\n\n\n<p class=\"wp-block-paragraph\">Para la Universidad Cat\u00f3lica de Manizales, este encuentro representa el inicio de una nueva etapa de formaci\u00f3n y reafirma su compromiso con acompa\u00f1ar a los estudiantes durante todo su proceso acad\u00e9mico. La instituci\u00f3n contin\u00faa trabajando en la b\u00fasqueda de las medidas y alternativas necesarias para que quienes hacen parte de sus programas puedan vivir una experiencia universitaria significativa, cercana y enriquecedora, incluso cuando las circunstancias requieran recurrir a la virtualidad.<\/p>\n\n\n\n<p class=\"wp-block-paragraph\">La modalidad virtual no representa una barrera para construir comunidad, fortalecer v\u00ednculos y acercar a los estudiantes a la vida universitaria. Por el contrario, se convierte en una oportunidad para generar nuevas formas de encuentro, acompa\u00f1amiento y aprendizaje, manteniendo siempre como prioridad el bienestar y la formaci\u00f3n integral de los estudiantes.<\/p>\n\n\n\n<p class=\"wp-block-paragraph\">Con esta bienvenida, la Universidad Cat\u00f3lica de Manizales celebra el comienzo de un nuevo camino para la segunda cohorte del T\u00e9cnico Laboral en Comunicaci\u00f3n Gr\u00e1fica y ratifica su prop\u00f3sito de brindar espacios de formaci\u00f3n que respondan a las necesidades de sus estudiantes y les permitan desarrollar sus talentos, conocimientos y capacidades para aportar creativamente a su entorno.<\/p>\n\n\n\n<p class=\"wp-block-paragraph\">Tambi\u00e9n podr\u00eda interesarte:<a href=\"https:\/\/www.ucm.edu.co\/mentorias-ucm-apoyo-que-inspira-orienta-y-transforma\/\">&nbsp;<\/a><a href=\"https:\/\/www.ucm.edu.co\/nuevos-comienzos-en-la-ucm-formacion-oportunidades-y-suenos-que-se-ponen-en-marcha\/\" data-type=\"link\" data-id=\"https:\/\/www.ucm.edu.co\/nuevos-comienzos-en-la-ucm-formacion-oportunidades-y-suenos-que-se-ponen-en-marcha\/\">https:\/\/www.ucm.edu.co\/nuevos-comienzos-en-la-ucm-formacion-oportunidades-y-suenos-que-se-ponen-en-marcha\/<\/a> <\/p>\n\n\n\n<p class=\"wp-block-paragraph\"><\/p>\n","protected":false},"excerpt":{"rendered":"<p>El T\u00e9cnico Laboral en Comunicaci\u00f3n Gr\u00e1fica de la UCM inici\u00f3 su segunda cohorte con una jornada de inducci\u00f3n virtual, reafirmando el compromiso institucional con la formaci\u00f3n y la experiencia universitaria de sus estudiantes.<\/p>\n","protected":false},"author":2,"featured_media":224469,"comment_status":"closed","ping_status":"open","sticky":false,"template":"","format":"standard","meta":{"_et_pb_use_builder":"","_et_pb_old_content":"","_et_gb_content_width":"","_monsterinsights_skip_tracking":false,"footnotes":""},"categories":[29],"tags":[18,19],"class_list":["post-224468","post","type-post","status-publish","format-standard","has-post-thumbnail","hentry","category-proyeccion","tag-ucm","tag-universidad-catolica-de-manizales"],"_links":{"self":[{"href":"https:\/\/ucm.edu.co\/intranet\/wp-json\/wp\/v2\/posts\/224468","targetHints":{"allow":["GET"]}}],"collection":[{"href":"https:\/\/ucm.edu.co\/intranet\/wp-json\/wp\/v2\/posts"}],"about":[{"href":"https:\/\/ucm.edu.co\/intranet\/wp-json\/wp\/v2\/types\/post"}],"author":[{"embeddable":true,"href":"https:\/\/ucm.edu.co\/intranet\/wp-json\/wp\/v2\/users\/2"}],"replies":[{"embeddable":true,"href":"https:\/\/ucm.edu.co\/intranet\/wp-json\/wp\/v2\/comments?post=224468"}],"version-history":[{"count":1,"href":"https:\/\/ucm.edu.co\/intranet\/wp-json\/wp\/v2\/posts\/224468\/revisions"}],"predecessor-version":[{"id":224472,"href":"https:\/\/ucm.edu.co\/intranet\/wp-json\/wp\/v2\/posts\/224468\/revisions\/224472"}],"wp:featuredmedia":[{"embeddable":true,"href":"https:\/\/ucm.edu.co\/intranet\/wp-json\/wp\/v2\/media\/224469"}],"wp:attachment":[{"href":"https:\/\/ucm.edu.co\/intranet\/wp-json\/wp\/v2\/media?parent=224468"}],"wp:term":[{"taxonomy":"category","embeddable":true,"href":"https:\/\/ucm.edu.co\/intranet\/wp-json\/wp\/v2\/categories?post=224468"},{"taxonomy":"post_tag","embeddable":true,"href":"https:\/\/ucm.edu.co\/intranet\/wp-json\/wp\/v2\/tags?post=224468"}],"curies":[{"name":"wp","href":"https:\/\/api.w.org\/{rel}","templated":true}]}}