{"id":224480,"date":"2026-08-21T14:55:48","date_gmt":"2026-08-21T19:55:48","guid":{"rendered":"https:\/\/www.ucm.edu.co\/?p=235173"},"modified":"2026-08-21T14:55:51","modified_gmt":"2026-08-21T19:55:51","slug":"alcalde-de-manizales-visito-la-ucm-y-destaco-su-capacidad-de-respuesta-y-compromiso-con-la-continuidad-y-la-calidad-academica","status":"publish","type":"post","link":"https:\/\/ucm.edu.co\/intranet\/alcalde-de-manizales-visito-la-ucm-y-destaco-su-capacidad-de-respuesta-y-compromiso-con-la-continuidad-y-la-calidad-academica\/","title":{"rendered":"Alcalde de Manizales visit\u00f3 la UCM y destac\u00f3 su capacidad de respuesta y compromiso con la continuidad y la calidad acad\u00e9mica"},"content":{"rendered":"\n<p class=\"wp-block-paragraph\">La Universidad Cat\u00f3lica de Manizales recibi\u00f3 la visita del alcalde de Manizales, Jorge Eduardo Rojas, quien recorri\u00f3 el campus con el prop\u00f3sito de conocer de primera mano el estado de la infraestructura tras la reciente contingencia y coordinar acciones conjuntas de apoyo institucional.<\/p>\n\n\n\n<p class=\"wp-block-paragraph\">Durante el recorrido, el Rector y la Vicerrectora Acad\u00e9mica compartieron con el mandatario las medidas que la UCM ha implementado para responder a la situaci\u00f3n y garantizar la continuidad de los procesos acad\u00e9micos, priorizando la seguridad y el bienestar de los estudiantes, profesores, colaboradores y sus familias.<\/p>\n\n\n\n<p class=\"wp-block-paragraph\"><\/p>\n\n\n\n<h2 class=\"wp-block-heading\"><strong>Movida por los principios de participaci\u00f3n y la corresponsabilidad, la Comunidad UCM trabaja para volver a encontrarse<\/strong><\/h2>\n\n\n\n<p class=\"wp-block-paragraph\"><\/p>\n\n\n\n<p class=\"wp-block-paragraph\">Actualmente, la comunidad UCM avanza en la renovaci\u00f3n y el fortalecimiento de su Campus Vital, as\u00ed como en las acciones necesarias para lograr un retorno progresivo y seguro a la presencialidad. Entre tanto, se han puesto en marcha alternativas para mantener la continuidad acad\u00e9mica, entre ellas el desarrollo de clases virtuales.<\/p>\n\n\n\n<p class=\"wp-block-paragraph\"><\/p>\n\n\n\n<div class=\"wp-block-columns is-layout-flex wp-container-core-columns-is-layout-8f761849 wp-block-columns-is-layout-flex\">\n<div class=\"wp-block-column is-layout-flow wp-block-column-is-layout-flow\">\n<figure class=\"wp-block-image size-full\"><img decoding=\"async\" src=\"https:\/\/ucm.edu.co\/intranet\/wp-content\/uploads\/2026\/08\/ucm-alcalde-ucm.jpeg\" alt=\"\" class=\"wp-image-235174\" \/><\/figure>\n<\/div>\n\n\n\n<div class=\"wp-block-column is-layout-flow wp-block-column-is-layout-flow\">\n<figure class=\"wp-block-image size-full\"><img decoding=\"async\" src=\"https:\/\/ucm.edu.co\/intranet\/wp-content\/uploads\/2026\/08\/ucm-alcaldia-ucm-fraterna.jpeg\" alt=\"\" class=\"wp-image-235175\" \/><\/figure>\n<\/div>\n<\/div>\n\n\n\n<p class=\"wp-block-paragraph\"><\/p>\n\n\n\n<p class=\"wp-block-paragraph\">Durante su visita, el alcalde Jorge Eduardo Rojas destac\u00f3 el esfuerzo que realiza la Universidad para responder con organizaci\u00f3n y rapidez a las circunstancias y permitir que los estudiantes den continuidad a sus procesos formativos: <strong>\u201cNo es f\u00e1cil recuperarse y m\u00e1s a tan alta velocidad. No solo son las viviendas, tambi\u00e9n las universidades, los colegios. Hoy estamos aqu\u00ed en la Universidad Cat\u00f3lica y, a pesar de las dificultades, est\u00e1n trabajando a marchas forzadas\u201d<\/strong>, se\u00f1al\u00f3 el alcalde.<\/p>\n\n\n\n<p class=\"wp-block-paragraph\">El mandatario tambi\u00e9n resalt\u00f3 las acciones que adelanta la comunidad universitaria en materia de infraestructura y la reorganizaci\u00f3n de las actividades acad\u00e9micas, la investigaci\u00f3n, la proyecci\u00f3n social y la extensi\u00f3n, bajo el liderazgo constante del Rector, Dr. Cristian Camilo Guti\u00e9rrez. <strong>\u201cEl rector y toda la comunidad educativa y administrativa est\u00e1n haciendo un esfuerzo muy grande. Est\u00e1n en obra el reforzamiento estructural del Bloque C y el resto no tiene afectaciones estructurales, sino de mamposter\u00eda\u201d<\/strong>, explic\u00f3.<\/p>\n\n\n\n<p class=\"wp-block-paragraph\"><\/p>\n\n\n\n<h2 class=\"wp-block-heading\"><strong>Un plan de choque para garantizar la continuidad en la formaci\u00f3n<\/strong><\/h2>\n\n\n\n<p class=\"wp-block-paragraph\"><br>Uno de los aspectos m\u00e1s destacados durante el recorrido del mandatario, fue la capacidad de la Universidad para reorganizar sus actividades acad\u00e9micas mientras avanzan de manera paralela con las intervenciones en el campus.<\/p>\n\n\n\n<div class=\"wp-block-columns is-layout-flex wp-container-core-columns-is-layout-8f761849 wp-block-columns-is-layout-flex\">\n<div class=\"wp-block-column is-layout-flow wp-block-column-is-layout-flow\">\n<figure class=\"wp-block-image size-full\"><img decoding=\"async\" src=\"https:\/\/ucm.edu.co\/intranet\/wp-content\/uploads\/2026\/08\/ucm-alcaldee-alcadia-rector-ucm-1.jpeg\" alt=\"\" class=\"wp-image-235177\" \/><\/figure>\n<\/div>\n\n\n\n<div class=\"wp-block-column is-layout-flow wp-block-column-is-layout-flow\">\n<p class=\"wp-block-paragraph\">La UCM puso en marcha un plan que permiti\u00f3 dar continuidad a las actividades acad\u00e9micas, y administrativas, reorganizar los espacios y posibilitar la continuidad de las clases. Sobre esta estrategia, el alcalde manifest\u00f3 su reconocimiento a la capacidad de respuesta de la UCM: <strong>\u201cHicieron un plan de choque para la movilidad acad\u00e9mica. Es impresionante, se nota la organizaci\u00f3n\u201d<\/strong>, afirm\u00f3. <\/p>\n\n\n\n<p class=\"wp-block-paragraph\">Para la Universidad, estas acciones hacen parte de un prop\u00f3sito fundamental: encontrar las alternativas necesarias para que nuestros estudiantes puedan continuar con su proceso de formaci\u00f3n, mientras se trabaja en la recuperaci\u00f3n de los espacios f\u00edsicos.<\/p>\n<\/div>\n<\/div>\n\n\n\n<h2 class=\"wp-block-heading\"><strong>El esfuerzo de una Universidad que hace parte fundamental de Manizales<\/strong><\/h2>\n\n\n\n<p class=\"wp-block-paragraph\">La visita tambi\u00e9n permiti\u00f3 reconocer el impacto que a lo largo de su trayectoria la UCM ha legado a la ciudad, y su compromiso hist\u00f3rico con la educaci\u00f3n de los j\u00f3venes de Manizales y de la regi\u00f3n.<\/p>\n\n\n\n<p class=\"wp-block-paragraph\"><strong>\u201cEsto muestra la fuerza de la ciudad, que no solamente lo estamos haciendo en la calle, sino que tambi\u00e9n los privados, en este caso esta gran universidad, que es una hija de Manizales, est\u00e1 haciendo el esfuerzo para que nuestros j\u00f3venes est\u00e9n en clase r\u00e1pidamente\u201d<\/strong>, expres\u00f3 Jorge Eduardo Rojas.<\/p>\n\n\n\n<h2 class=\"wp-block-heading\"><strong>Seguimos avanzando juntos<\/strong><\/h2>\n\n\n\n<p class=\"wp-block-paragraph\">La Universidad Cat\u00f3lica de Manizales agradeci\u00f3 al alcalde y a la Administraci\u00f3n Municipal por su visita, respaldo y disposici\u00f3n para acompa\u00f1ar a la Instituci\u00f3n en este proceso.<\/p>\n\n\n\n<p class=\"wp-block-paragraph\">La UCM contin\u00faa trabajando en la evaluaci\u00f3n y recuperaci\u00f3n de sus espacios, implementando las medidas necesarias para avanzar progresivamente hacia un retorno presencial seguro, garantizando entre tanto, la continuidad de los procesos acad\u00e9micos con criterios de pertinencia y calidad.<\/p>\n\n\n\n<p class=\"wp-block-paragraph\">Tambi\u00e9n podr\u00eda interesarte:<a href=\"https:\/\/www.ucm.edu.co\/universidad-catolica-de-manizales-dio-la-bienvenida-a-la-segunda-cohorte-del-tecnico-laboral-en-comunicacion-grafica\/\"> https:\/\/www.ucm.edu.co\/universidad-catolica-de-manizales-dio-la-bienvenida-a-la-segunda-cohorte-del-tecnico-laboral-en-comunicacion-grafica\/<\/a><\/p>\n\n\n\n<p class=\"wp-block-paragraph\"><\/p>\n","protected":false},"excerpt":{"rendered":"<p>La visita permiti\u00f3 conocer el estado del campus y las acciones que adelanta la Instituci\u00f3n para avanzar hacia el retorno presencial.<\/p>\n","protected":false},"author":2,"featured_media":224481,"comment_status":"closed","ping_status":"open","sticky":false,"template":"","format":"standard","meta":{"_et_pb_use_builder":"","_et_pb_old_content":"","_et_gb_content_width":"","_monsterinsights_skip_tracking":false,"footnotes":""},"categories":[29],"tags":[18,19],"class_list":["post-224480","post","type-post","status-publish","format-standard","has-post-thumbnail","hentry","category-proyeccion","tag-ucm","tag-universidad-catolica-de-manizales"],"_links":{"self":[{"href":"https:\/\/ucm.edu.co\/intranet\/wp-json\/wp\/v2\/posts\/224480","targetHints":{"allow":["GET"]}}],"collection":[{"href":"https:\/\/ucm.edu.co\/intranet\/wp-json\/wp\/v2\/posts"}],"about":[{"href":"https:\/\/ucm.edu.co\/intranet\/wp-json\/wp\/v2\/types\/post"}],"author":[{"embeddable":true,"href":"https:\/\/ucm.edu.co\/intranet\/wp-json\/wp\/v2\/users\/2"}],"replies":[{"embeddable":true,"href":"https:\/\/ucm.edu.co\/intranet\/wp-json\/wp\/v2\/comments?post=224480"}],"version-history":[{"count":1,"href":"https:\/\/ucm.edu.co\/intranet\/wp-json\/wp\/v2\/posts\/224480\/revisions"}],"predecessor-version":[{"id":224485,"href":"https:\/\/ucm.edu.co\/intranet\/wp-json\/wp\/v2\/posts\/224480\/revisions\/224485"}],"wp:featuredmedia":[{"embeddable":true,"href":"https:\/\/ucm.edu.co\/intranet\/wp-json\/wp\/v2\/media\/224481"}],"wp:attachment":[{"href":"https:\/\/ucm.edu.co\/intranet\/wp-json\/wp\/v2\/media?parent=224480"}],"wp:term":[{"taxonomy":"category","embeddable":true,"href":"https:\/\/ucm.edu.co\/intranet\/wp-json\/wp\/v2\/categories?post=224480"},{"taxonomy":"post_tag","embeddable":true,"href":"https:\/\/ucm.edu.co\/intranet\/wp-json\/wp\/v2\/tags?post=224480"}],"curies":[{"name":"wp","href":"https:\/\/api.w.org\/{rel}","templated":true}]}}