{"id":224486,"date":"2026-08-24T10:33:53","date_gmt":"2026-08-24T15:33:53","guid":{"rendered":"https:\/\/www.ucm.edu.co\/?p=235188"},"modified":"2026-08-24T10:33:56","modified_gmt":"2026-08-24T15:33:56","slug":"la-ucm-dio-la-bienvenida-a-los-estudiantes-de-la-maestria-en-educacion","status":"publish","type":"post","link":"https:\/\/ucm.edu.co\/intranet\/la-ucm-dio-la-bienvenida-a-los-estudiantes-de-la-maestria-en-educacion\/","title":{"rendered":"UCM da la bienvenida a nuevos estudiantes de la Maestr\u00eda en Educaci\u00f3n"},"content":{"rendered":"\n<p class=\"wp-block-paragraph\">La Universidad Cat\u00f3lica de Manizales (UCM) dio la bienvenida a los estudiantes que hacen parte de la primera cohorte del primer semestre de 2026 de la Maestr\u00eda en Educaci\u00f3n en una jornada de inducci\u00f3n que tuvo como prop\u00f3sito favorecer su integraci\u00f3n a la vida universitaria, acercarlos a los servicios institucionales y brindarles herramientas para el desarrollo de su proceso formativo.<\/p>\n\n\n\n<p class=\"wp-block-paragraph\">La jornada, realizada el viernes 14 de agosto de 2026, cont\u00f3 con la participaci\u00f3n de directivos, docentes y colaboradores de la Universidad, quienes acompa\u00f1aron a los nuevos estudiantes en este momento significativo de su trayectoria acad\u00e9mica. El encuentro inici\u00f3 con el acto de bienvenida por parte de las directivas de la UCM, liderado por el rector, Dr. Cristian Camilo Guti\u00e9rrez Restrepo, junto con la Vicerrectora Acad\u00e9mica, Hna. Elsa Miriam Londo\u00f1o Valencia; la Decana de la Facultad de Educaci\u00f3n, Dra. Diana Clemencia S\u00e1nchez Giraldo, y otros integrantes del equipo acad\u00e9mico.<\/p>\n\n\n\n<figure class=\"wp-block-image size-full\"><img decoding=\"async\" src=\"https:\/\/ucm.edu.co\/intranet\/wp-content\/uploads\/2026\/08\/Maestria-en-educacion.jpeg\" alt=\"\" class=\"wp-image-235195\" \/><\/figure>\n\n\n\n<h2 class=\"wp-block-heading\">Un encuentro para fortalecer la experiencia universitaria<\/h2>\n\n\n\n<p class=\"wp-block-paragraph\">Durante la jornada de la ma\u00f1ana, los estudiantes participaron en una capacitaci\u00f3n sobre la plataforma Moodle, orientada por la Unidad de Educaci\u00f3n a Distancia y Virtual. Este espacio permiti\u00f3 reconocer las herramientas que acompa\u00f1ar\u00e1n el desarrollo de las actividades acad\u00e9micas y facilitar\u00e1n la interacci\u00f3n con los contenidos, docentes y dem\u00e1s integrantes de la comunidad educativa.<\/p>\n\n\n\n<p class=\"wp-block-paragraph\">Asimismo, se realiz\u00f3 la inducci\u00f3n a la Biblioteca Hna. Josefina N\u00fa\u00f1ez, un escenario fundamental para el fortalecimiento de las competencias investigativas y el acceso a recursos acad\u00e9micos que aportan al desarrollo de los procesos de aprendizaje.<\/p>\n\n\n\n<h2 class=\"wp-block-heading\">Formaci\u00f3n integral con sentido y compromiso<\/h2>\n\n\n\n<p class=\"wp-block-paragraph\">En la jornada de la tarde, los estudiantes participaron en la presentaci\u00f3n del Centro de Idiomas y en la socializaci\u00f3n del programa de la Maestr\u00eda en Educaci\u00f3n, espacios que permitieron conocer con mayor profundidad la propuesta acad\u00e9mica, sus prop\u00f3sitos formativos y las oportunidades que ofrece la Universidad para acompa\u00f1ar integralmente su trayectoria.<\/p>\n\n\n\n<p class=\"wp-block-paragraph\">Desde su misi\u00f3n institucional, la Universidad Cat\u00f3lica de Manizales reafirma su prop\u00f3sito de formar profesionales capaces de aportar, desde sus saberes y experiencias, a la construcci\u00f3n de una sociedad m\u00e1s humana, justa y sostenible.<\/p>\n\n\n\n<p class=\"wp-block-paragraph\">De esta manera, la jornada de inducci\u00f3n se constituy\u00f3 en un primer encuentro con la vida universitaria y en el punto de partida de un proceso acad\u00e9mico que invita a los estudiantes de la Maestr\u00eda en Educaci\u00f3n a asumir nuevos desaf\u00edos, fortalecer sus capacidades y contribuir a la transformaci\u00f3n educativa desde sus diferentes campos de actuaci\u00f3n.<\/p>\n\n\n\n<p class=\"wp-block-paragraph\">Tambi\u00e9n podr\u00eda interesarte:<a href=\"https:\/\/www.ucm.edu.co\/universidad-catolica-de-manizales-dio-la-bienvenida-a-la-segunda-cohorte-del-tecnico-laboral-en-comunicacion-grafica\/\">\u00a0<\/a><a href=\"https:\/\/www.ucm.edu.co\/alcalde-de-manizales-visito-la-ucm-y-destaco-su-capacidad-de-respuesta-y-compromiso-con-la-continuidad-y-la-calidad-academica\/\" data-type=\"link\" data-id=\"https:\/\/www.ucm.edu.co\/alcalde-de-manizales-visito-la-ucm-y-destaco-su-capacidad-de-respuesta-y-compromiso-con-la-continuidad-y-la-calidad-academica\/\">https:\/\/www.ucm.edu.co\/alcalde-de-manizales-visito-la-ucm-y-destaco-su-capacidad-de-respuesta-y-compromiso-con-la-continuidad-y-la-calidad-academica\/<\/a><\/p>\n\n\n\n<p class=\"wp-block-paragraph\"><\/p>\n","protected":false},"excerpt":{"rendered":"<p>La Universidad Cat\u00f3lica de Manizales dio la bienvenida a los estudiantes de la primera cohorte de la Maestr\u00eda en Educaci\u00f3n 2026-II, en una jornada de inducci\u00f3n orientada a fortalecer su integraci\u00f3n a la vida universitaria.<\/p>\n","protected":false},"author":2,"featured_media":224487,"comment_status":"closed","ping_status":"open","sticky":false,"template":"","format":"standard","meta":{"_et_pb_use_builder":"","_et_pb_old_content":"","_et_gb_content_width":"","_monsterinsights_skip_tracking":false,"footnotes":""},"categories":[29],"tags":[227,18,19],"class_list":["post-224486","post","type-post","status-publish","format-standard","has-post-thumbnail","hentry","category-proyeccion","tag-maestria-en-educacion","tag-ucm","tag-universidad-catolica-de-manizales"],"_links":{"self":[{"href":"https:\/\/ucm.edu.co\/intranet\/wp-json\/wp\/v2\/posts\/224486","targetHints":{"allow":["GET"]}}],"collection":[{"href":"https:\/\/ucm.edu.co\/intranet\/wp-json\/wp\/v2\/posts"}],"about":[{"href":"https:\/\/ucm.edu.co\/intranet\/wp-json\/wp\/v2\/types\/post"}],"author":[{"embeddable":true,"href":"https:\/\/ucm.edu.co\/intranet\/wp-json\/wp\/v2\/users\/2"}],"replies":[{"embeddable":true,"href":"https:\/\/ucm.edu.co\/intranet\/wp-json\/wp\/v2\/comments?post=224486"}],"version-history":[{"count":1,"href":"https:\/\/ucm.edu.co\/intranet\/wp-json\/wp\/v2\/posts\/224486\/revisions"}],"predecessor-version":[{"id":224489,"href":"https:\/\/ucm.edu.co\/intranet\/wp-json\/wp\/v2\/posts\/224486\/revisions\/224489"}],"wp:featuredmedia":[{"embeddable":true,"href":"https:\/\/ucm.edu.co\/intranet\/wp-json\/wp\/v2\/media\/224487"}],"wp:attachment":[{"href":"https:\/\/ucm.edu.co\/intranet\/wp-json\/wp\/v2\/media?parent=224486"}],"wp:term":[{"taxonomy":"category","embeddable":true,"href":"https:\/\/ucm.edu.co\/intranet\/wp-json\/wp\/v2\/categories?post=224486"},{"taxonomy":"post_tag","embeddable":true,"href":"https:\/\/ucm.edu.co\/intranet\/wp-json\/wp\/v2\/tags?post=224486"}],"curies":[{"name":"wp","href":"https:\/\/api.w.org\/{rel}","templated":true}]}}