{"id":224490,"date":"2026-08-24T15:06:20","date_gmt":"2026-08-24T20:06:20","guid":{"rendered":"https:\/\/www.ucm.edu.co\/?p=235200"},"modified":"2026-08-24T15:16:18","modified_gmt":"2026-08-24T20:16:18","slug":"la-comunidad-universitaria-se-unio-en-una-noche-de-oracion-fraternidad-y-esperanza-para-acompanar-a-las-familias-afectadas-y-reafirmar-el-compromiso-institucional-con-la-recuperacion-de-la-ciudad","status":"publish","type":"post","link":"https:\/\/ucm.edu.co\/intranet\/la-comunidad-universitaria-se-unio-en-una-noche-de-oracion-fraternidad-y-esperanza-para-acompanar-a-las-familias-afectadas-y-reafirmar-el-compromiso-institucional-con-la-recuperacion-de-la-ciudad\/","title":{"rendered":"Una noche de fe y esperanza: la UCM se une en oraci\u00f3n y solidaridad por la recuperaci\u00f3n de Manizales"},"content":{"rendered":"\n<p class=\"wp-block-paragraph\">La comunidad de la Universidad Cat\u00f3lica de Manizales se reuni\u00f3 en una emotiva velat\u00f3n, un espacio de oraci\u00f3n, recogimiento y fraternidad que congreg\u00f3 a estudiantes, colaboradores y miembros de la comunidad universitaria para elevar un mensaje de fe y esperanza.<\/p>\n\n\n\n<p class=\"wp-block-paragraph\">En compa\u00f1\u00eda de la Arquidi\u00f3cesis de Manizales, la Pastoral UCM y la Pastoral Juvenil, los asistentes encendieron sus velas como s\u00edmbolo de unidad y solidaridad, encomendando a la ciudad, a las familias afectadas y el camino de reconstrucci\u00f3n que, desde la fraternidad, se contin\u00faa recorriendo de manera conjunta.<\/p>\n\n\n\n<h2 class=\"wp-block-heading\"><strong>Un encuentro de oraci\u00f3n y acompa\u00f1amiento comunitario<\/strong><\/h2>\n\n\n\n<p class=\"wp-block-paragraph\">Durante este momento de profunda reflexi\u00f3n, cada luz encendida represent\u00f3 una expresi\u00f3n de fe viva, consuelo para quienes hoy atraviesan momentos dif\u00edciles y un compromiso colectivo por seguir iluminando el entorno desde el amor, la esperanza y el acompa\u00f1amiento.<\/p>\n\n\n\n<p class=\"wp-block-paragraph\"><\/p>\n\n\n\n<div class=\"wp-block-columns is-layout-flex wp-container-core-columns-is-layout-8f761849 wp-block-columns-is-layout-flex\">\n<div class=\"wp-block-column is-layout-flow wp-block-column-is-layout-flow\">\n<figure class=\"wp-block-image size-full\"><img decoding=\"async\" src=\"https:\/\/ucm.edu.co\/intranet\/wp-content\/uploads\/2026\/08\/ucm-velaton-ucm.jpeg\" alt=\"\" class=\"wp-image-235201\" \/><\/figure>\n<\/div>\n\n\n\n<div class=\"wp-block-column is-layout-flow wp-block-column-is-layout-flow\">\n<figure class=\"wp-block-image size-full\"><img decoding=\"async\" src=\"https:\/\/ucm.edu.co\/intranet\/wp-content\/uploads\/2026\/08\/ucm-velaton-importante.jpeg\" alt=\"\" class=\"wp-image-235202\" \/><\/figure>\n<\/div>\n<\/div>\n\n\n\n<p class=\"wp-block-paragraph\"><br>Este encuentro se suma a las acciones que adelanta la Universidad Cat\u00f3lica de Manizales para acompa\u00f1ar a su comunidad y contribuir, desde sus capacidades institucionales, al proceso de recuperaci\u00f3n y al retorno progresivo a las actividades cotidianas, fortaleciendo los v\u00ednculos de solidaridad y apoyo que requiere la ciudad en este momento.<\/p>\n\n\n\n<h2 class=\"wp-block-heading\"><strong>La solidaridad como expresi\u00f3n de compromiso colectivo<\/strong><\/h2>\n\n\n\n<p class=\"wp-block-paragraph\">Bajo el mensaje \u201cUCM Fraterna\u201d, la Universidad Cat\u00f3lica de Manizales reafirm\u00f3 su compromiso con el cuidado de la vida y la construcci\u00f3n de comunidad, recordando que, incluso en medio de las dificultades, la uni\u00f3n, la oraci\u00f3n y la solidaridad pueden convertirse en una luz que gu\u00eda el camino.<\/p>\n\n\n\n<p class=\"wp-block-paragraph\">La velat\u00f3n se convirti\u00f3 as\u00ed en un espacio para reconocer que la recuperaci\u00f3n no solo implica restablecer espacios y actividades, sino tambi\u00e9n acompa\u00f1ar a las personas, fortalecer la esperanza y generar condiciones para avanzar juntos hacia la normalizaci\u00f3n de la vida universitaria y de la ciudad.<\/p>\n\n\n\n<p class=\"wp-block-paragraph\"><\/p>\n\n\n\n<div class=\"wp-block-columns is-layout-flex wp-container-core-columns-is-layout-8f761849 wp-block-columns-is-layout-flex\">\n<div class=\"wp-block-column is-layout-flow wp-block-column-is-layout-flow\">\n<figure class=\"wp-block-image size-full\"><img decoding=\"async\" src=\"https:\/\/ucm.edu.co\/intranet\/wp-content\/uploads\/2026\/08\/ucm-velaton-importante-cristian-rector.jpeg\" alt=\"\" class=\"wp-image-235203\" \/><\/figure>\n<\/div>\n\n\n\n<div class=\"wp-block-column is-layout-flow wp-block-column-is-layout-flow\">\n<figure class=\"wp-block-image size-full\"><img decoding=\"async\" src=\"https:\/\/ucm.edu.co\/intranet\/wp-content\/uploads\/2026\/08\/ucm-unida-en-la-velaton.jpeg\" alt=\"\" class=\"wp-image-235204\" \/><\/figure>\n<\/div>\n<\/div>\n\n\n\n<p class=\"wp-block-paragraph\">La UCM agradece a todas las personas que hicieron parte de este significativo encuentro con su presencia y oraci\u00f3n, demostrando que, frente a los desaf\u00edos, una comunidad organizada, solidaria y comprometida puede convertirse en un actor fundamental para la recuperaci\u00f3n y la reconstrucci\u00f3n.<\/p>\n\n\n\n<p class=\"wp-block-paragraph\">En este proceso, el acompa\u00f1amiento y la gesti\u00f3n de la Universidad han sido fundamentales para responder de manera cercana y oportuna a las necesidades de su comunidad. A trav\u00e9s de sus diferentes \u00e1reas, la Instituci\u00f3n ha dispuesto acciones orientadas al cuidado, la atenci\u00f3n y el acompa\u00f1amiento de estudiantes, colaboradores y familias, articulando esfuerzos con las autoridades, la Iglesia y otros actores del territorio.<\/p>\n\n\n\n<p class=\"wp-block-paragraph\"><\/p>\n\n\n\n<div class=\"wp-block-columns is-layout-flex wp-container-core-columns-is-layout-8f761849 wp-block-columns-is-layout-flex\">\n<div class=\"wp-block-column is-layout-flow wp-block-column-is-layout-flow\">\n<figure class=\"wp-block-image size-full\"><img decoding=\"async\" src=\"https:\/\/ucm.edu.co\/intranet\/wp-content\/uploads\/2026\/08\/ucm-gestion-en-la-velaton.jpeg\" alt=\"\" class=\"wp-image-235205\" \/><\/figure>\n<\/div>\n\n\n\n<div class=\"wp-block-column is-layout-flow wp-block-column-is-layout-flow\">\n<figure class=\"wp-block-image size-full\"><img decoding=\"async\" src=\"https:\/\/ucm.edu.co\/intranet\/wp-content\/uploads\/2026\/08\/velaton-de-la-ucm-rector-y-hermanas.jpeg\" alt=\"\" class=\"wp-image-235206\" \/><\/figure>\n<\/div>\n<\/div>\n\n\n\n<p class=\"wp-block-paragraph\">Este compromiso institucional refleja la vocaci\u00f3n de servicio de la Universidad y su capacidad para movilizar recursos, generar espacios de encuentro y brindar respuestas que contribuyan a la recuperaci\u00f3n, reafirmando que la gesti\u00f3n tambi\u00e9n es una forma concreta de solidaridad y de cuidado de la vida.<\/p>\n\n\n\n<p class=\"wp-block-paragraph\">Tambi\u00e9n podr\u00eda interesarte:<a href=\"https:\/\/www.ucm.edu.co\/alcalde-de-manizales-visito-la-ucm-y-destaco-su-capacidad-de-respuesta-y-compromiso-con-la-continuidad-y-la-calidad-aca\"> <\/a><a href=\"https:\/\/www.ucm.edu.co\/alcalde-de-manizales-visito-la-ucm-y-destaco-su-capacidad-de-respuesta-y-compromiso-con-la-continuidad-y-la-calidad-academica\/\">https:\/\/www.ucm.edu.co\/alcalde-de-manizales-visito-la-ucm-y-destaco-su-capacidad-de-respuesta-y-compromiso-con-la-continuidad-y-la-calidad-academica\/<\/a><\/p>\n\n\n\n<p class=\"wp-block-paragraph\"><\/p>\n","protected":false},"excerpt":{"rendered":"<p>La Universidad Cat\u00f3lica de Manizales reafirma su compromiso con la comunidad a trav\u00e9s del acompa\u00f1amiento, la gesti\u00f3n institucional y acciones de solidaridad que contribuyen a la recuperaci\u00f3n y fortalecen la esperanza.<\/p>\n","protected":false},"author":2,"featured_media":224491,"comment_status":"closed","ping_status":"open","sticky":false,"template":"","format":"standard","meta":{"_et_pb_use_builder":"","_et_pb_old_content":"","_et_gb_content_width":"","_monsterinsights_skip_tracking":false,"footnotes":""},"categories":[29],"tags":[18,19,108],"class_list":["post-224490","post","type-post","status-publish","format-standard","has-post-thumbnail","hentry","category-proyeccion","tag-ucm","tag-universidad-catolica-de-manizales","tag-vicerrectoria-de-bienestar-y-pastoral-universitaria"],"_links":{"self":[{"href":"https:\/\/ucm.edu.co\/intranet\/wp-json\/wp\/v2\/posts\/224490","targetHints":{"allow":["GET"]}}],"collection":[{"href":"https:\/\/ucm.edu.co\/intranet\/wp-json\/wp\/v2\/posts"}],"about":[{"href":"https:\/\/ucm.edu.co\/intranet\/wp-json\/wp\/v2\/types\/post"}],"author":[{"embeddable":true,"href":"https:\/\/ucm.edu.co\/intranet\/wp-json\/wp\/v2\/users\/2"}],"replies":[{"embeddable":true,"href":"https:\/\/ucm.edu.co\/intranet\/wp-json\/wp\/v2\/comments?post=224490"}],"version-history":[{"count":5,"href":"https:\/\/ucm.edu.co\/intranet\/wp-json\/wp\/v2\/posts\/224490\/revisions"}],"predecessor-version":[{"id":224502,"href":"https:\/\/ucm.edu.co\/intranet\/wp-json\/wp\/v2\/posts\/224490\/revisions\/224502"}],"wp:featuredmedia":[{"embeddable":true,"href":"https:\/\/ucm.edu.co\/intranet\/wp-json\/wp\/v2\/media\/224491"}],"wp:attachment":[{"href":"https:\/\/ucm.edu.co\/intranet\/wp-json\/wp\/v2\/media?parent=224490"}],"wp:term":[{"taxonomy":"category","embeddable":true,"href":"https:\/\/ucm.edu.co\/intranet\/wp-json\/wp\/v2\/categories?post=224490"},{"taxonomy":"post_tag","embeddable":true,"href":"https:\/\/ucm.edu.co\/intranet\/wp-json\/wp\/v2\/tags?post=224490"}],"curies":[{"name":"wp","href":"https:\/\/api.w.org\/{rel}","templated":true}]}}