{"id":224503,"date":"2026-08-24T16:24:17","date_gmt":"2026-08-24T21:24:17","guid":{"rendered":"https:\/\/www.ucm.edu.co\/?p=235210"},"modified":"2026-08-24T16:25:21","modified_gmt":"2026-08-24T21:25:21","slug":"la-ucm-se-reencontro-para-escuchar-acompanar-y-fortalecer-sus-procesos-de-investigacion","status":"publish","type":"post","link":"https:\/\/ucm.edu.co\/intranet\/la-ucm-se-reencontro-para-escuchar-acompanar-y-fortalecer-sus-procesos-de-investigacion\/","title":{"rendered":"La UCM se reencontr\u00f3 para escuchar, acompa\u00f1ar y fortalecer sus procesos de investigaci\u00f3n"},"content":{"rendered":"\n<p class=\"wp-block-paragraph\">La Universidad Cat\u00f3lica de Manizales vivi\u00f3 una jornada de encuentro y conversaci\u00f3n con su comunidad acad\u00e9mica, concebida como un espacio para reconocerse, escucharse y acompa\u00f1arse durante el regreso a las actividades universitarias.<\/p>\n\n\n\n<p class=\"wp-block-paragraph\">La jornada inici\u00f3 a las 8:30 a. m. con el saludo de bienvenida del Dr. Cristian Camilo Guti\u00e9rrez Restrepo, Rector de la Universidad Cat\u00f3lica de Manizales, quien dio apertura a este espacio de reencuentro con la comunidad universitaria.<\/p>\n\n\n\n<p class=\"wp-block-paragraph\">Posteriormente, la Dra. Gloria del Carmen Tob\u00f3n V\u00e1squez lider\u00f3 el conversatorio <em>\u201cAbrazo desde: c\u00f3mo nos sentimos y c\u00f3mo estamos\u201d<\/em>, un espacio que permiti\u00f3 compartir emociones, experiencias y percepciones, reconociendo la importancia de escucharnos y cuidarnos mutuamente en este momento de retorno a la vida universitaria.<\/p>\n\n\n\n<h2 class=\"wp-block-heading\">Encuentros por interl\u00edneas de investigaci\u00f3n<\/h2>\n\n\n\n<p class=\"wp-block-paragraph\">A partir de las 10:00 a. m., la jornada continu\u00f3 con los encuentros por interl\u00edneas de investigaci\u00f3n, espacios en los que docentes e investigadores compartieron experiencias, dialogaron sobre sus procesos acad\u00e9micos y fortalecieron los v\u00ednculos que hacen posible el trabajo colaborativo en la Universidad.<\/p>\n\n\n\n<p class=\"wp-block-paragraph\"><strong>Los encuentros estuvieron liderados de la siguiente manera:<\/strong><\/p>\n\n\n\n<p class=\"wp-block-paragraph\"><\/p>\n\n\n\n<p class=\"wp-block-paragraph\"><\/p>\n\n\n\n<div class=\"wp-block-columns is-layout-flex wp-container-core-columns-is-layout-8f761849 wp-block-columns-is-layout-flex\">\n<div class=\"wp-block-column is-layout-flow wp-block-column-is-layout-flow\">\n<figure class=\"wp-block-image size-full\"><img decoding=\"async\" src=\"https:\/\/ucm.edu.co\/intranet\/wp-content\/uploads\/2026\/08\/la-ucm-se-reencontro.png\" alt=\"\" class=\"wp-image-235212\" \/><\/figure>\n<\/div>\n\n\n\n<div class=\"wp-block-column is-layout-flow wp-block-column-is-layout-flow\">\n<p class=\"wp-block-paragraph\"><strong>Educaci\u00f3n y Subjetividad + Educaci\u00f3n y Pensamiento Complejo<\/strong><br>Lider\u00f3: <strong>Dra. Diana Carolina Ortiz<\/strong><\/p>\n\n\n\n<p class=\"wp-block-paragraph\">&#8211;<strong>Educaci\u00f3n y Docencia + Educaci\u00f3n y Desarrollo<\/strong><br>Lider\u00f3: <strong>Dra. Mar\u00eda Cristina S\u00e1nchez Le\u00f3n<\/strong><\/p>\n\n\n\n<p class=\"wp-block-paragraph\">&#8211;<strong>Pr\u00e1cticas y Formaci\u00f3n Docente + Educaci\u00f3n, Pedagog\u00eda y Curr\u00edculo<\/strong><br>Lider\u00f3: <strong>Dr. Reinelio Morales Llano<\/strong><\/p>\n<\/div>\n<\/div>\n\n\n\n<p class=\"wp-block-paragraph\"><\/p>\n\n\n\n<p class=\"wp-block-paragraph\"><\/p>\n\n\n\n<h2 class=\"wp-block-heading\">Un encuentro que reafirm\u00f3 el valor de estar juntos<\/h2>\n\n\n\n<p class=\"wp-block-paragraph\">La jornada represent\u00f3 una oportunidad para volver a encontrarnos como comunidad, reconocer c\u00f3mo est\u00e1bamos y avanzar juntos en los prop\u00f3sitos que nos unen como Universidad Cat\u00f3lica de Manizales.<\/p>\n\n\n\n<p class=\"wp-block-paragraph\">Este espacio reafirm\u00f3 que, en momentos que exigen especial sensibilidad y cercan\u00eda, la comunidad universitaria encuentra en el di\u00e1logo, la escucha y el acompa\u00f1amiento herramientas fundamentales para seguir adelante.<\/p>\n\n\n\n<p class=\"wp-block-paragraph\"><strong>La UCM volvi\u00f3 a encontrarse, a escucharse y a caminar unida.<\/strong><\/p>\n\n\n\n<p class=\"wp-block-paragraph\">Tambi\u00e9n podr\u00eda interesarte: <a href=\"https:\/\/www.ucm.edu.co\/la-comunidad-universitaria-se-unio-en-una-noche-de-oracion-fraternidad-y-esperanza-para-acompanar-a-las-familias-afectadas-y-reafirmar-el-compromiso-institucional-con-la-recuperacion-de-la-ciudad\/\">https:\/\/www.ucm.edu.co\/la-comunidad-universitaria-se-unio-en-una-noche-de-oracion-fraternidad-y-esperanza-para-acompanar-a-las-familias-afectadas-y-reafirmar-el-compromiso-institucional-con-la-recuperacion-de-la-ciudad\/<\/a><\/p>\n\n\n\n<p class=\"wp-block-paragraph\"><\/p>\n","protected":false},"excerpt":{"rendered":"<p>La Universidad Cat\u00f3lica de Manizales vivi\u00f3 una jornada de reencuentro con su comunidad acad\u00e9mica, un espacio para escucharse, acompa\u00f1arse y fortalecer los procesos de investigaci\u00f3n tras el regreso a las actividades universitarias.<\/p>\n","protected":false},"author":2,"featured_media":224504,"comment_status":"closed","ping_status":"open","sticky":false,"template":"","format":"standard","meta":{"_et_pb_use_builder":"","_et_pb_old_content":"","_et_gb_content_width":"","_monsterinsights_skip_tracking":false,"footnotes":""},"categories":[29],"tags":[26,18,19],"class_list":["post-224503","post","type-post","status-publish","format-standard","has-post-thumbnail","hentry","category-proyeccion","tag-posgrados-ucm","tag-ucm","tag-universidad-catolica-de-manizales"],"_links":{"self":[{"href":"https:\/\/ucm.edu.co\/intranet\/wp-json\/wp\/v2\/posts\/224503","targetHints":{"allow":["GET"]}}],"collection":[{"href":"https:\/\/ucm.edu.co\/intranet\/wp-json\/wp\/v2\/posts"}],"about":[{"href":"https:\/\/ucm.edu.co\/intranet\/wp-json\/wp\/v2\/types\/post"}],"author":[{"embeddable":true,"href":"https:\/\/ucm.edu.co\/intranet\/wp-json\/wp\/v2\/users\/2"}],"replies":[{"embeddable":true,"href":"https:\/\/ucm.edu.co\/intranet\/wp-json\/wp\/v2\/comments?post=224503"}],"version-history":[{"count":9,"href":"https:\/\/ucm.edu.co\/intranet\/wp-json\/wp\/v2\/posts\/224503\/revisions"}],"predecessor-version":[{"id":224514,"href":"https:\/\/ucm.edu.co\/intranet\/wp-json\/wp\/v2\/posts\/224503\/revisions\/224514"}],"wp:featuredmedia":[{"embeddable":true,"href":"https:\/\/ucm.edu.co\/intranet\/wp-json\/wp\/v2\/media\/224504"}],"wp:attachment":[{"href":"https:\/\/ucm.edu.co\/intranet\/wp-json\/wp\/v2\/media?parent=224503"}],"wp:term":[{"taxonomy":"category","embeddable":true,"href":"https:\/\/ucm.edu.co\/intranet\/wp-json\/wp\/v2\/categories?post=224503"},{"taxonomy":"post_tag","embeddable":true,"href":"https:\/\/ucm.edu.co\/intranet\/wp-json\/wp\/v2\/tags?post=224503"}],"curies":[{"name":"wp","href":"https:\/\/api.w.org\/{rel}","templated":true}]}}