{"id":224515,"date":"2026-08-25T09:56:32","date_gmt":"2026-08-25T14:56:32","guid":{"rendered":"https:\/\/www.ucm.edu.co\/?p=235219"},"modified":"2026-08-26T15:06:31","modified_gmt":"2026-08-26T20:06:31","slug":"nos-estamos-preparando-para-volver-a-encontrarnos","status":"publish","type":"post","link":"https:\/\/ucm.edu.co\/intranet\/nos-estamos-preparando-para-volver-a-encontrarnos\/","title":{"rendered":"Nos estamos preparando para volver a encontrarnos"},"content":{"rendered":"\n<p class=\"wp-block-paragraph\">La Universidad Cat\u00f3lica de Manizales (UCM) se prepara para reencontrarse con sus estudiantes el pr\u00f3ximo <strong>31 de agosto<\/strong>, una fecha que representa mucho m\u00e1s que el regreso a las aulas: es la oportunidad de volver a encontrarnos como comunidad, de retomar los proyectos que nos movilizan y de continuar construyendo juntos el presente y el futuro de nuestra Instituci\u00f3n.<\/p>\n\n\n\n<p class=\"wp-block-paragraph\">Queremos que, cuando regresen, encuentren una universidad que ha aprovechado este tiempo para fortalecerse, avanzar y prepararse para ustedes. Cada adecuaci\u00f3n, cada mejora y cada decisi\u00f3n que se toma durante estos d\u00edas tiene como prop\u00f3sito disponer un campus que responda a las necesidades de nuestros estudiantes y que siga siendo un lugar para aprender, compartir, crecer y transformar.<\/p>\n\n\n\n<h2 class=\"wp-block-heading\"><strong>Una universidad que se fortalece para recibirlos<\/strong><\/h2>\n\n\n\n<p class=\"wp-block-paragraph\">Estos d\u00edas previos al regreso nos han permitido avanzar en la preparaci\u00f3n de nuestra infraestructura y en diferentes procesos institucionales que contribuyen al fortalecimiento de la universidad. Estamos trabajando con responsabilidad y compromiso, comprendiendo que la calidad de la experiencia universitaria tambi\u00e9n se construye en los espacios que habitamos y en las condiciones que disponemos para el desarrollo de nuestra misi\u00f3n educativa.<\/p>\n\n\n\n<p class=\"wp-block-paragraph\"><\/p>\n\n\n\n<div class=\"wp-block-columns is-layout-flex wp-container-core-columns-is-layout-8f761849 wp-block-columns-is-layout-flex\">\n<div class=\"wp-block-column is-layout-flow wp-block-column-is-layout-flow\">\n<figure class=\"wp-block-image size-full\"><img decoding=\"async\" src=\"https:\/\/ucm.edu.co\/intranet\/wp-content\/uploads\/2026\/08\/ucm-alcaldee-alcadia-rector-ucm-2.jpeg\" alt=\"\" class=\"wp-image-235231\" \/><\/figure>\n<\/div>\n\n\n\n<div class=\"wp-block-column is-layout-flow wp-block-column-is-layout-flow\">\n<figure class=\"wp-block-image size-full\"><img decoding=\"async\" src=\"https:\/\/ucm.edu.co\/intranet\/wp-content\/uploads\/2026\/08\/ucm-preparandose.jpeg\" alt=\"\" class=\"wp-image-235233\" \/><\/figure>\n<\/div>\n<\/div>\n\n\n\n<p class=\"wp-block-paragraph\">Como Universidad Cat\u00f3lica de Manizales, continuamos consolidando nuestras capacidades y proyect\u00e1ndonos hacia nuevos desaf\u00edos. Este proceso hace parte de una visi\u00f3n de transformaci\u00f3n institucional que reconoce nuestras fortalezas, pero que tambi\u00e9n nos invita a seguir mejorando y a asumir, de manera responsable, los retos que tenemos por delante.<\/p>\n\n\n\n<h2 class=\"wp-block-heading\"><strong>Nos espera un nuevo encuentro<\/strong><\/h2>\n\n\n\n<p class=\"wp-block-paragraph\">A nuestros estudiantes queremos decirles que los esperamos. Esperando sus voces, sus ideas, sus preguntas, sus proyectos y esa energ\u00eda que convierte nuestros espacios en verdaderos escenarios de vida universitaria.<\/p>\n\n\n\n<p class=\"wp-block-paragraph\">El regreso del 31 de agosto ser\u00e1, entonces, un nuevo punto de partida. Volveremos a encontrarnos con la convicci\u00f3n de que la educaci\u00f3n transforma vidas y territorios, y con la certeza de que cada estudiante es protagonista de esta obra educativa.<\/p>\n\n\n\n<p class=\"wp-block-paragraph\"><\/p>\n\n\n\n<div class=\"wp-block-columns is-layout-flex wp-container-core-columns-is-layout-8f761849 wp-block-columns-is-layout-flex\">\n<div class=\"wp-block-column is-layout-flow wp-block-column-is-layout-flow\">\n<figure class=\"wp-block-image size-full\"><img decoding=\"async\" src=\"https:\/\/ucm.edu.co\/intranet\/wp-content\/uploads\/2026\/08\/ucm-espacios-y-adecuaciones.jpeg\" alt=\"\" class=\"wp-image-235258\" \/><\/figure>\n<\/div>\n\n\n\n<div class=\"wp-block-column is-layout-flow wp-block-column-is-layout-flow\">\n<figure class=\"wp-block-image size-full\"><img decoding=\"async\" src=\"https:\/\/ucm.edu.co\/intranet\/wp-content\/uploads\/2026\/08\/ucm-infraestructura-universidad.jpeg\" alt=\"\" class=\"wp-image-235260\" \/><\/figure>\n<\/div>\n<\/div>\n\n\n\n<p class=\"wp-block-paragraph\">Los invitamos a regresar con esperanza, con disposici\u00f3n para aprender y con la confianza de que seguimos trabajando para ofrecerles mejores condiciones para su formaci\u00f3n integral.<\/p>\n\n\n\n<p class=\"wp-block-paragraph\">La UCM se prepara, se fortalece y los espera con las puertas abiertas. Nos volveremos a encontrar para continuar construyendo juntos una universidad que transforma, que acompa\u00f1a y que mira el futuro con esperanza.<\/p>\n\n\n\n<p class=\"wp-block-paragraph\"><\/p>\n\n\n\n<div class=\"wp-block-columns is-layout-flex wp-container-core-columns-is-layout-8f761849 wp-block-columns-is-layout-flex\">\n<div class=\"wp-block-column is-layout-flow wp-block-column-is-layout-flow\">\n<figure class=\"wp-block-image size-full\"><img decoding=\"async\" src=\"https:\/\/ucm.edu.co\/intranet\/wp-content\/uploads\/2026\/08\/ucm-infraestructural.jpeg\" alt=\"\" class=\"wp-image-235261\" \/><\/figure>\n<\/div>\n\n\n\n<div class=\"wp-block-column is-layout-flow wp-block-column-is-layout-flow\">\n<figure class=\"wp-block-image size-full\"><img decoding=\"async\" src=\"https:\/\/ucm.edu.co\/intranet\/wp-content\/uploads\/2026\/08\/infraestructura-de-la-ucm.jpeg\" alt=\"\" class=\"wp-image-235262\" \/><\/figure>\n<\/div>\n<\/div>\n\n\n\n<p class=\"wp-block-paragraph\">Tambi\u00e9n podr\u00eda interesarte: <a href=\"https:\/\/www.ucm.edu.co\/la-comunidad-universitaria-se-unio-en-una-noche-de-oracion-fraternidad-y-esperanza-para-acompanar-a-las-familias-afectadas-y-reafirmar-el-compromiso-institucional-con-la-recuperacion-de-la-ciudad\/\">https:\/\/www.ucm.edu.co\/la-comunidad-universitaria-se-unio-en-una-noche-de-oracion-fraternidad-y-esperanza-para-acompanar-a-las-familias-afectadas-y-reafirmar-el-compromiso-institucional-con-la-recuperacion-de-la-ciudad\/<\/a><\/p>\n\n\n\n<p class=\"wp-block-paragraph\"><\/p>\n","protected":false},"excerpt":{"rendered":"<p>La Universidad Cat\u00f3lica de Manizales se prepara para el regreso de sus estudiantes este 31 de agosto, fortaleciendo sus espacios y procesos para brindar una experiencia universitaria renovada y seguir construyendo juntos una instituci\u00f3n que transforma.<\/p>\n","protected":false},"author":2,"featured_media":224524,"comment_status":"closed","ping_status":"open","sticky":false,"template":"","format":"standard","meta":{"_et_pb_use_builder":"","_et_pb_old_content":"","_et_gb_content_width":"","_monsterinsights_skip_tracking":false,"footnotes":""},"categories":[29],"tags":[270,18,19],"class_list":["post-224515","post","type-post","status-publish","format-standard","has-post-thumbnail","hentry","category-proyeccion","tag-estudiantes-ucm","tag-ucm","tag-universidad-catolica-de-manizales"],"_links":{"self":[{"href":"https:\/\/ucm.edu.co\/intranet\/wp-json\/wp\/v2\/posts\/224515","targetHints":{"allow":["GET"]}}],"collection":[{"href":"https:\/\/ucm.edu.co\/intranet\/wp-json\/wp\/v2\/posts"}],"about":[{"href":"https:\/\/ucm.edu.co\/intranet\/wp-json\/wp\/v2\/types\/post"}],"author":[{"embeddable":true,"href":"https:\/\/ucm.edu.co\/intranet\/wp-json\/wp\/v2\/users\/2"}],"replies":[{"embeddable":true,"href":"https:\/\/ucm.edu.co\/intranet\/wp-json\/wp\/v2\/comments?post=224515"}],"version-history":[{"count":5,"href":"https:\/\/ucm.edu.co\/intranet\/wp-json\/wp\/v2\/posts\/224515\/revisions"}],"predecessor-version":[{"id":224546,"href":"https:\/\/ucm.edu.co\/intranet\/wp-json\/wp\/v2\/posts\/224515\/revisions\/224546"}],"wp:featuredmedia":[{"embeddable":true,"href":"https:\/\/ucm.edu.co\/intranet\/wp-json\/wp\/v2\/media\/224524"}],"wp:attachment":[{"href":"https:\/\/ucm.edu.co\/intranet\/wp-json\/wp\/v2\/media?parent=224515"}],"wp:term":[{"taxonomy":"category","embeddable":true,"href":"https:\/\/ucm.edu.co\/intranet\/wp-json\/wp\/v2\/categories?post=224515"},{"taxonomy":"post_tag","embeddable":true,"href":"https:\/\/ucm.edu.co\/intranet\/wp-json\/wp\/v2\/tags?post=224515"}],"curies":[{"name":"wp","href":"https:\/\/api.w.org\/{rel}","templated":true}]}}