{"id":224521,"date":"2026-08-26T07:57:38","date_gmt":"2026-08-26T12:57:38","guid":{"rendered":"https:\/\/www.ucm.edu.co\/?p=235235"},"modified":"2026-08-26T07:57:38","modified_gmt":"2026-08-26T12:57:38","slug":"colaboradores-de-la-ucm-participaron-en-mision-academica-internacional-sobre-inteligencia-artificial-en-mexico","status":"publish","type":"post","link":"https:\/\/ucm.edu.co\/intranet\/colaboradores-de-la-ucm-participaron-en-mision-academica-internacional-sobre-inteligencia-artificial-en-mexico\/","title":{"rendered":"Colaboradores de la UCM participan en misi\u00f3n acad\u00e9mica internacional sobre inteligencia artificial en M\u00e9xico"},"content":{"rendered":"\n<p class=\"wp-block-paragraph\">La  Universidad Cat\u00f3lica de Manizales hace parte de una <strong>Misi\u00f3n Acad\u00e9mica Internacional en el Tecnol\u00f3gico de Monterrey, Campus Ciudad de M\u00e9xico<\/strong>, una experiencia centrada en la innovaci\u00f3n, la inteligencia artificial y las nuevas posibilidades de aplicaci\u00f3n de estas tecnolog\u00edas en las funciones administrativas de la educaci\u00f3n superior.<\/p>\n\n\n\n<p class=\"wp-block-paragraph\">En representaci\u00f3n de la UCM participan Eduardo Corpas, Laura Rodr\u00edguez, Juan Camilo Agudelo, Catalina Piedrahita y Luisa Fernanda Jim\u00e9nez, quienes comparten esta experiencia de inmersi\u00f3n acad\u00e9mica junto con representantes de la Universidad Tecnol\u00f3gica de Pereira, Universidad del Quind\u00edo y el Tecnol\u00f3gico de Monterrey.<\/p>\n\n\n\n<p class=\"wp-block-paragraph\">La misi\u00f3n tiene como eje el curso \u201cInteligencia Artificial en Funciones Administrativas de Educaci\u00f3n Superior\u201d, orientado a fortalecer las capacidades de las instituciones participantes frente a los procesos de innovaci\u00f3n, el uso estrat\u00e9gico de la inteligencia artificial y las buenas pr\u00e1cticas de gesti\u00f3n universitaria.<\/p>\n\n\n\n<p class=\"wp-block-paragraph\"><\/p>\n\n\n\n<h2 class=\"wp-block-heading\">Conocimiento que se comparte y se transforma<\/h2>\n\n\n\n<p class=\"wp-block-paragraph\"><\/p>\n\n\n\n<p class=\"wp-block-paragraph\">Uno de los principales prop\u00f3sitos de esta experiencia es propiciar un intercambio de conocimientos entre las instituciones participantes. Durante la semana de inmersi\u00f3n acad\u00e9mica se abordar\u00e1n perspectivas y experiencias relacionadas con la innovaci\u00f3n y la incorporaci\u00f3n de la inteligencia artificial en diferentes procesos de las instituciones de educaci\u00f3n superior.<\/p>\n\n\n\n<p class=\"wp-block-paragraph\">Para la Universidad Cat\u00f3lica de Manizales, este tipo de espacios representa una oportunidad para conocer de primera mano experiencias desarrolladas en otros contextos y, a partir de ellas, identificar posibilidades de aplicaci\u00f3n y fortalecimiento de sus propios procesos.<\/p>\n\n\n\n<p class=\"wp-block-paragraph\">La misi\u00f3n tambi\u00e9n permitir\u00e1 estrechar v\u00ednculos entre las tres instituciones y avanzar en la construcci\u00f3n de una red de colaboraci\u00f3n orientada a compartir conocimientos, experiencias y buenas pr\u00e1cticas en torno a la transformaci\u00f3n de la educaci\u00f3n superior.<\/p>\n\n\n\n<p class=\"wp-block-paragraph\"><\/p>\n\n\n\n<h2 class=\"wp-block-heading\">Inteligencia artificial al servicio de la gesti\u00f3n universitaria<\/h2>\n\n\n\n<p class=\"wp-block-paragraph\"><\/p>\n\n\n\n<p class=\"wp-block-paragraph\">La inteligencia artificial est\u00e1 generando cambios en diferentes \u00e1mbitos de la educaci\u00f3n superior y tambi\u00e9n plantea nuevas posibilidades para los procesos administrativos y de gesti\u00f3n.<\/p>\n\n\n\n<p class=\"wp-block-paragraph\">En este contexto, la misi\u00f3n acad\u00e9mica busca acercar a los participantes a estrategias innovadoras que permitan comprender el potencial de estas herramientas y avanzar hacia un uso responsable y estrat\u00e9gico de la inteligencia artificial dentro de las universidades.<\/p>\n\n\n\n<p class=\"wp-block-paragraph\">El objetivo no se limita a conocer nuevas tecnolog\u00edas. Tambi\u00e9n implica reflexionar sobre c\u00f3mo incorporarlas de manera pertinente para mejorar procesos, apoyar la toma de decisiones y contribuir al desarrollo de instituciones m\u00e1s innovadoras y preparadas para los cambios que plantea el entorno.<\/p>\n\n\n\n<h2 class=\"wp-block-heading\">La UCM, presente en escenarios internacionales<\/h2>\n\n\n\n<p class=\"wp-block-paragraph\"><\/p>\n\n\n\n<p class=\"wp-block-paragraph\">La participaci\u00f3n de los cinco colaboradores de la Universidad Cat\u00f3lica de Manizales en esta misi\u00f3n hace parte de las experiencias que permiten fortalecer las capacidades institucionales y ampliar las oportunidades de aprendizaje m\u00e1s all\u00e1 del contexto local.<\/p>\n\n\n\n<p class=\"wp-block-paragraph\">Adem\u00e1s del componente acad\u00e9mico, este tipo de encuentros favorece el relacionamiento con otras instituciones, el intercambio de experiencias y la generaci\u00f3n de nuevas posibilidades de cooperaci\u00f3n.<\/p>\n\n\n\n<p class=\"wp-block-paragraph\">La misi\u00f3n en M\u00e9xico deja as\u00ed un resultado que va m\u00e1s all\u00e1 de una semana de formaci\u00f3n: la posibilidad de llevar nuevos conocimientos a la Universidad, compartirlos con otros colaboradores y convertir las experiencias internacionales en oportunidades para seguir fortaleciendo los procesos institucionales de la UCM.<\/p>\n\n\n\n<p class=\"wp-block-paragraph\">La experiencia tambi\u00e9n se conecta con una visi\u00f3n de futuro en la que la innovaci\u00f3n, la colaboraci\u00f3n y el uso estrat\u00e9gico de la inteligencia artificial pueden contribuir a construir una educaci\u00f3n superior cada vez m\u00e1s pertinente y conectada con las transformaciones de la sociedad.<\/p>\n\n\n\n<p class=\"wp-block-paragraph\"><strong>Desde M\u00e9xico, la UCM contin\u00faa sumando experiencias y aprendizajes que aportan a la construcci\u00f3n de una Universidad innovadora, colaborativa y comprometida con el desarrollo de nuevas formas de hacer educaci\u00f3n superior.<\/strong><\/p>\n\n\n\n<p class=\"wp-block-paragraph\">Tambi\u00e9n podr\u00eda interesarte: <a href=\"https:\/\/www.ucm.edu.co\/ucm-y-minciencias-unen-esfuerzos-para-dar-continuidad-a-la-investigacion-en-la-region\/\">https:\/\/www.ucm.edu.co\/ucm-y-minciencias-unen-esfuerzos-para-dar-continuidad-a-la-investigacion-en-la-region\/<\/a><\/p>\n\n\n\n<p class=\"wp-block-paragraph\"><\/p>\n","protected":false},"excerpt":{"rendered":"<p>Eduardo Corpas, Laura Rodr\u00edguez, Juan Camilo Agudelo, Catalina Piedrahita y Luisa Fernanda Jim\u00e9nez representaron a la Universidad Cat\u00f3lica de Manizales en una experiencia de formaci\u00f3n e intercambio acad\u00e9mico desarrollada junto al Tecnol\u00f3gico de Monterrey y la Universidad Tecnol\u00f3gica de Pereira.<\/p>\n","protected":false},"author":2,"featured_media":224522,"comment_status":"closed","ping_status":"open","sticky":false,"template":"","format":"standard","meta":{"_et_pb_use_builder":"","_et_pb_old_content":"","_et_gb_content_width":"","_monsterinsights_skip_tracking":false,"footnotes":""},"categories":[34],"tags":[35,18,142,19],"class_list":["post-224521","post","type-post","status-publish","format-standard","has-post-thumbnail","hentry","category-internacionalizacion","tag-internacionalizacion-ucm","tag-ucm","tag-ucm-global","tag-universidad-catolica-de-manizales"],"_links":{"self":[{"href":"https:\/\/ucm.edu.co\/intranet\/wp-json\/wp\/v2\/posts\/224521","targetHints":{"allow":["GET"]}}],"collection":[{"href":"https:\/\/ucm.edu.co\/intranet\/wp-json\/wp\/v2\/posts"}],"about":[{"href":"https:\/\/ucm.edu.co\/intranet\/wp-json\/wp\/v2\/types\/post"}],"author":[{"embeddable":true,"href":"https:\/\/ucm.edu.co\/intranet\/wp-json\/wp\/v2\/users\/2"}],"replies":[{"embeddable":true,"href":"https:\/\/ucm.edu.co\/intranet\/wp-json\/wp\/v2\/comments?post=224521"}],"version-history":[{"count":0,"href":"https:\/\/ucm.edu.co\/intranet\/wp-json\/wp\/v2\/posts\/224521\/revisions"}],"wp:featuredmedia":[{"embeddable":true,"href":"https:\/\/ucm.edu.co\/intranet\/wp-json\/wp\/v2\/media\/224522"}],"wp:attachment":[{"href":"https:\/\/ucm.edu.co\/intranet\/wp-json\/wp\/v2\/media?parent=224521"}],"wp:term":[{"taxonomy":"category","embeddable":true,"href":"https:\/\/ucm.edu.co\/intranet\/wp-json\/wp\/v2\/categories?post=224521"},{"taxonomy":"post_tag","embeddable":true,"href":"https:\/\/ucm.edu.co\/intranet\/wp-json\/wp\/v2\/tags?post=224521"}],"curies":[{"name":"wp","href":"https:\/\/api.w.org\/{rel}","templated":true}]}}