{"id":224547,"date":"2026-08-28T16:52:22","date_gmt":"2026-08-28T21:52:22","guid":{"rendered":"https:\/\/www.ucm.edu.co\/?p=235286"},"modified":"2026-08-28T16:53:50","modified_gmt":"2026-08-28T21:53:50","slug":"la-ucm-da-la-bienvenida-a-la-iii-cohorte-de-la-especializacion-en-enfermeria-en-cuidados-paliativos","status":"publish","type":"post","link":"https:\/\/ucm.edu.co\/intranet\/la-ucm-da-la-bienvenida-a-la-iii-cohorte-de-la-especializacion-en-enfermeria-en-cuidados-paliativos\/","title":{"rendered":"La UCM da la bienvenida a la III cohorte de la Especializaci\u00f3n en Enfermer\u00eda en Cuidados Paliativos"},"content":{"rendered":"\n<p class=\"wp-block-paragraph\"> La Universidad Cat\u00f3lica de Manizales dio la bienvenida a los estudiantes que integran la III cohorte de la Especializaci\u00f3n en Enfermer\u00eda en Cuidados Paliativos, en un encuentro virtual que permiti\u00f3 abrir las puertas de la Instituci\u00f3n a nuevos profesionales que han decidido continuar fortaleciendo sus conocimientos y aportar, desde su ejercicio, al cuidado integral de las personas, sus familias y cuidadores.<\/p>\n\n\n\n<p class=\"wp-block-paragraph\">La jornada estuvo acompa\u00f1ada por la Hermanas de la Caridad Dominicas de la Presentaci\u00f3n de la Sant\u00edsima Virgen, directivos, docentes y representantes de la comunidad universitaria, quienes compartieron con los nuevos estudiantes un mensaje de bienvenida y fraternidad, destacando el compromiso de la UCM con una formaci\u00f3n que integra el conocimiento cient\u00edfico y t\u00e9cnico con el sentido humano, espiritual y social.<\/p>\n\n\n\n<h2 class=\"wp-block-heading\">Formaci\u00f3n con sentido humano y vocaci\u00f3n de servicio<\/h2>\n\n\n\n<p class=\"wp-block-paragraph\">Durante el encuentro, el Rector de la Universidad Cat\u00f3lica de Manizales, Dr. Cristian Camilo Guti\u00e9rrez, ofreci\u00f3 las palabras de apertura y resalt\u00f3 las posibilidades que encuentran los estudiantes en la Instituci\u00f3n para construir una trayectoria acad\u00e9mica que trascienda un programa de formaci\u00f3n y se convierta en un proyecto de vida.<\/p>\n\n\n\n<p class=\"wp-block-paragraph\">En este sentido, destac\u00f3 las oportunidades que la UCM ofrece para facilitar el tr\u00e1nsito de los programas de pregrado a los estudios de posgrado, permitiendo que los profesionales contin\u00faen creciendo dentro de una misma comunidad universitaria y encuentren nuevas alternativas para fortalecer su perfil acad\u00e9mico y profesional. A estas posibilidades se suman opciones de movilidad acad\u00e9mica, becas, homologaci\u00f3n de estudios y asignaturas, as\u00ed como el acceso a los diferentes espacios y servicios que hacen parte del campus universitario, concebido como un escenario para el encuentro, el aprendizaje y la construcci\u00f3n de comunidad.<\/p>\n\n\n\n<p class=\"wp-block-paragraph\">La intervenci\u00f3n del Rector tambi\u00e9n permiti\u00f3 reafirmar el compromiso institucional de acompa\u00f1ar a los estudiantes en las diferentes etapas de su formaci\u00f3n, generando condiciones y oportunidades para que puedan proyectarse acad\u00e9micamente y asumir nuevos desaf\u00edos profesionales desde los principios que inspiran a la Universidad Cat\u00f3lica de Manizales.<\/p>\n\n\n\n<h2 class=\"wp-block-heading\">Una Universidad que acompa\u00f1a m\u00e1s all\u00e1 del aula<\/h2>\n\n\n\n<p class=\"wp-block-paragraph\">La jornada cont\u00f3, adem\u00e1s, con la participaci\u00f3n de la Hermana Elsa Myriam Londo\u00f1o, vicerrectora acad\u00e9mica; la mag\u00edster Gloria In\u00e9s Estrada Salazar, decana de la Facultad de Ciencias de la Salud; y la mag\u00edster Yanier Betancur Manrique, directora de la Especializaci\u00f3n en Enfermer\u00eda en Cuidados Paliativos, quienes compartieron mensajes de bienvenida y resaltaron la importancia de este nuevo proceso formativo.<\/p>\n\n\n\n<p class=\"wp-block-paragraph\">La Especializaci\u00f3n en Enfermer\u00eda en Cuidados Paliativos se caracteriza por brindar una formaci\u00f3n con fundamento cient\u00edfico y t\u00e9cnico, desde una perspectiva interdisciplinar orientada al cuidado integral. Su prop\u00f3sito responde a la necesidad de profesionales capaces de acompa\u00f1ar procesos de alivio, recuperaci\u00f3n, sanaci\u00f3n y soporte emocional y espiritual, reconociendo la dignidad de las personas y el papel fundamental de sus familias y cuidadores.<\/p>\n\n\n\n<p class=\"wp-block-paragraph\">Como parte de la jornada de inducci\u00f3n, los estudiantes tuvieron la oportunidad de presentarse, compartir sus lugares de procedencia, sus experiencias profesionales y las motivaciones que los llevaron a elegir la Universidad Cat\u00f3lica de Manizales y esta especializaci\u00f3n. Este espacio permiti\u00f3 reconocer la diversidad de trayectorias que confluyen en la nueva cohorte y fortalecer, desde el inicio, los v\u00ednculos que har\u00e1n parte de su experiencia universitaria.<\/p>\n\n\n\n<h2 class=\"wp-block-heading\">El cuidado paliativo como campo de conocimiento y servicio<\/h2>\n\n\n\n<p class=\"wp-block-paragraph\">Asimismo, se socializaron los servicios de Bienestar Universitario y Pastoral, la Biblioteca y las herramientas tecnol\u00f3gicas que acompa\u00f1ar\u00e1n el proceso acad\u00e9mico, entre ellas la plataforma Moodle (UIED). Finalmente, la directora del programa realiz\u00f3 la inducci\u00f3n espec\u00edfica a la Especializaci\u00f3n, brindando a los estudiantes informaci\u00f3n sobre la ruta formativa que emprenden a partir de este momento.<\/p>\n\n\n\n<p class=\"wp-block-paragraph\">Con esta bienvenida, la Universidad Cat\u00f3lica de Manizales reafirma su prop\u00f3sito de acompa\u00f1ar a sus estudiantes en la construcci\u00f3n de proyectos de vida que integren la excelencia acad\u00e9mica, el compromiso con los dem\u00e1s y una profunda vocaci\u00f3n de servicio.<\/p>\n\n\n\n<p class=\"wp-block-paragraph\"><strong>Bienvenidos a su nueva casa.<\/strong> La UCM celebra su llegada y les desea un camino lleno de aprendizajes, crecimiento, oportunidades y bendiciones.<\/p>\n\n\n\n<p class=\"wp-block-paragraph\">Tambi\u00e9n podr\u00eda interesarte: <a href=\"https:\/\/www.ucm.edu.co\/universidad-catolica-de-manizales-da-apertura-a-la-primera-cohorte-de-la-especializacion-en-gestion-de-la-calidad\/\">https:\/\/www.ucm.edu.co\/universidad-catolica-de-manizales-da-apertura-a-la-primera-cohorte-de-la-especializacion-en-gestion-de-la-calidad\/<\/a><\/p>\n\n\n\n<p class=\"wp-block-paragraph\"><\/p>\n","protected":false},"excerpt":{"rendered":"<p>La Universidad Cat\u00f3lica de Manizales dio la bienvenida a la III cohorte de la Especializaci\u00f3n en Enfermer\u00eda en Cuidados Paliativos, un programa que fortalece la formaci\u00f3n cient\u00edfica, t\u00e9cnica y humana de profesionales comprometidos con el cuidado integral de las personas, sus familias y cuidadores.<\/p>\n","protected":false},"author":2,"featured_media":224548,"comment_status":"closed","ping_status":"open","sticky":false,"template":"","format":"standard","meta":{"_et_pb_use_builder":"","_et_pb_old_content":"","_et_gb_content_width":"","_monsterinsights_skip_tracking":false,"footnotes":""},"categories":[29],"tags":[18,19],"class_list":["post-224547","post","type-post","status-publish","format-standard","has-post-thumbnail","hentry","category-proyeccion","tag-ucm","tag-universidad-catolica-de-manizales"],"_links":{"self":[{"href":"https:\/\/ucm.edu.co\/intranet\/wp-json\/wp\/v2\/posts\/224547","targetHints":{"allow":["GET"]}}],"collection":[{"href":"https:\/\/ucm.edu.co\/intranet\/wp-json\/wp\/v2\/posts"}],"about":[{"href":"https:\/\/ucm.edu.co\/intranet\/wp-json\/wp\/v2\/types\/post"}],"author":[{"embeddable":true,"href":"https:\/\/ucm.edu.co\/intranet\/wp-json\/wp\/v2\/users\/2"}],"replies":[{"embeddable":true,"href":"https:\/\/ucm.edu.co\/intranet\/wp-json\/wp\/v2\/comments?post=224547"}],"version-history":[{"count":1,"href":"https:\/\/ucm.edu.co\/intranet\/wp-json\/wp\/v2\/posts\/224547\/revisions"}],"predecessor-version":[{"id":224549,"href":"https:\/\/ucm.edu.co\/intranet\/wp-json\/wp\/v2\/posts\/224547\/revisions\/224549"}],"wp:featuredmedia":[{"embeddable":true,"href":"https:\/\/ucm.edu.co\/intranet\/wp-json\/wp\/v2\/media\/224548"}],"wp:attachment":[{"href":"https:\/\/ucm.edu.co\/intranet\/wp-json\/wp\/v2\/media?parent=224547"}],"wp:term":[{"taxonomy":"category","embeddable":true,"href":"https:\/\/ucm.edu.co\/intranet\/wp-json\/wp\/v2\/categories?post=224547"},{"taxonomy":"post_tag","embeddable":true,"href":"https:\/\/ucm.edu.co\/intranet\/wp-json\/wp\/v2\/tags?post=224547"}],"curies":[{"name":"wp","href":"https:\/\/api.w.org\/{rel}","templated":true}]}}