{"id":224587,"date":"2026-09-02T10:51:39","date_gmt":"2026-09-02T15:51:39","guid":{"rendered":"https:\/\/www.ucm.edu.co\/?p=235404"},"modified":"2026-09-02T10:54:20","modified_gmt":"2026-09-02T15:54:20","slug":"doctorados-educacion-pedagogia-ucm","status":"publish","type":"post","link":"https:\/\/ucm.edu.co\/intranet\/doctorados-educacion-pedagogia-ucm\/","title":{"rendered":"La UCM abre nuevos escenarios de formaci\u00f3n doctoral para fortalecer la educaci\u00f3n y la investigaci\u00f3n"},"content":{"rendered":"\n<p class=\"wp-block-paragraph\">La Universidad Cat\u00f3lica de Manizales (UCM) dio apertura a una nueva agenda acad\u00e9mica para los estudiantes de sus programas de Doctorado en Educaci\u00f3n y Doctorado en Pedagog\u00eda, como parte de su compromiso con la formaci\u00f3n de alto nivel, la investigaci\u00f3n y la generaci\u00f3n de conocimiento pertinente para los desaf\u00edos contempor\u00e1neos de la educaci\u00f3n.<\/p>\n\n\n\n<p class=\"wp-block-paragraph\">La programaci\u00f3n, contempla diferentes espacios acad\u00e9micos e institucionales orientados a acompa\u00f1ar a los estudiantes en el inicio de esta etapa de formaci\u00f3n doctoral. La jornada cont\u00f3 con la participaci\u00f3n de directivos, docentes, investigadores y responsables de diferentes dependencias de la Instituci\u00f3n.<\/p>\n\n\n\n<h1 class=\"wp-block-heading\">Una apertura que fortalece la comunidad acad\u00e9mica<\/h1>\n\n\n\n<p class=\"wp-block-paragraph\">El primer encuentro tuvo como uno de sus momentos centrales el saludo de la Universidad Cat\u00f3lica de Manizales, con la participaci\u00f3n del rector, Dr. Cristian Camilo Guti\u00e9rrez Restrepo; la vicerrectora Acad\u00e9mica, Hna. Elsa Myrian Londo\u00f1o Valencia; el director de Investigaci\u00f3n, Dr. Yeison Alberto Garc\u00e9s G\u00f3mez; la decana de la Facultad de Educaci\u00f3n, Dra. Lina Rosa Parra Bernal, y la directora de Doctorados, Dra. Olga Patricia Bonilla Marqu\u00ednez.<\/p>\n\n\n\n<figure class=\"wp-block-image size-full\"><img decoding=\"async\" src=\"https:\/\/ucm.edu.co\/intranet\/wp-content\/uploads\/2026\/09\/Apertura-doctorados-1-1.jpg\" alt=\"\" class=\"wp-image-235410\" \/><\/figure>\n\n\n\n<p class=\"wp-block-paragraph\">Este espacio representa una oportunidad para reconocer el valor de quienes han decidido asumir el reto de profundizar en la construcci\u00f3n de conocimiento y aportar, desde sus campos de estudio, a la transformaci\u00f3n de los contextos educativos.<\/p>\n\n\n\n<p class=\"wp-block-paragraph\">Para la UCM, la formaci\u00f3n doctoral constituye tambi\u00e9n un escenario de encuentro, di\u00e1logo y construcci\u00f3n colectiva, donde la investigaci\u00f3n se articula con la formaci\u00f3n integral y con el prop\u00f3sito institucional de contribuir al desarrollo de la sociedad.<\/p>\n\n\n\n<h1 class=\"wp-block-heading\">Investigaci\u00f3n y conocimiento para transformar realidades<\/h1>\n\n\n\n<p class=\"wp-block-paragraph\">Durante los d\u00edas de apertura se desarrollar\u00e1n seminarios doctorales de los programas de Educaci\u00f3n y Pedagog\u00eda, adem\u00e1s de espacios relacionados con investigaci\u00f3n, publicaci\u00f3n cient\u00edfica, bibliotecas, internacionalizaci\u00f3n e inducci\u00f3n a la matr\u00edcula acad\u00e9mica.<\/p>\n\n\n\n<p class=\"wp-block-paragraph\">La agenda tambi\u00e9n contempl\u00f3 la presentaci\u00f3n de los grupos de investigaci\u00f3n y la orientaci\u00f3n sobre la publicaci\u00f3n de art\u00edculos cient\u00edficos, as\u00ed como la inducci\u00f3n sobre bases de datos, repositorios y sistemas de informaci\u00f3n. Estos escenarios permitieron que los estudiantes reconocieran las posibilidades institucionales para fortalecer sus procesos investigativos y ampliar sus horizontes acad\u00e9micos.<\/p>\n\n\n\n<p class=\"wp-block-paragraph\">De esta manera, la Universidad Cat\u00f3lica de Manizales reafirma su apuesta por una educaci\u00f3n que trasciende la transmisi\u00f3n de conocimientos y que se orienta hacia la generaci\u00f3n de nuevas comprensiones, la investigaci\u00f3n con sentido y la transformaci\u00f3n de las realidades sociales y educativas.<\/p>\n\n\n\n<figure class=\"wp-block-image size-full\"><img decoding=\"async\" src=\"https:\/\/ucm.edu.co\/intranet\/wp-content\/uploads\/2026\/09\/Apertura-doctorados-2.jpg\" alt=\"\" class=\"wp-image-235409\" \/><\/figure>\n\n\n\n<p class=\"wp-block-paragraph\">La apertura de estos doctorados se constituye as\u00ed en un momento significativo para la comunidad universitaria, al dar la bienvenida a estudiantes que, desde la Educaci\u00f3n y la Pedagog\u00eda, continuar\u00e1n construyendo conocimiento con responsabilidad, compromiso y sentido humano.<\/p>\n\n\n\n<p class=\"wp-block-paragraph\">Tambi\u00e9n podr\u00eda interesarte:<em>&nbsp;<\/em><a href=\"https:\/\/www.ucm.edu.co\/estudiantes-de-enfermeria-ucm-transforman-la-experiencia-de-adultos-mayores-en-jornada-educativa\/\" data-type=\"link\" data-id=\"https:\/\/www.ucm.edu.co\/estudiantes-de-enfermeria-ucm-transforman-la-experiencia-de-adultos-mayores-en-jornada-educativa\/\">https:\/\/www.ucm.edu.co\/estudiantes-de-enfermeria-ucm-transforman-la-experiencia-de-adultos-mayores-en-jornada-educativa\/<\/a><\/p>\n","protected":false},"excerpt":{"rendered":"<p>La Universidad Cat\u00f3lica de Manizales abre una nueva etapa para sus estudiantes de los doctorados en Educaci\u00f3n y Pedagog\u00eda, con una agenda acad\u00e9mica que integra formaci\u00f3n, investigaci\u00f3n, internacionalizaci\u00f3n y generaci\u00f3n de conocimiento.<\/p>\n","protected":false},"author":2,"featured_media":224588,"comment_status":"closed","ping_status":"open","sticky":false,"template":"","format":"standard","meta":{"_et_pb_use_builder":"","_et_pb_old_content":"","_et_gb_content_width":"","_monsterinsights_skip_tracking":false,"footnotes":""},"categories":[29,423],"tags":[41,201,38,18,19],"class_list":["post-224587","post","type-post","status-publish","format-standard","has-post-thumbnail","hentry","category-proyeccion","category-graduados-doc-educacion","tag-doctorado-en-educacion","tag-doctorado-en-pedagogia","tag-graduados-ucm","tag-ucm","tag-universidad-catolica-de-manizales"],"_links":{"self":[{"href":"https:\/\/ucm.edu.co\/intranet\/wp-json\/wp\/v2\/posts\/224587","targetHints":{"allow":["GET"]}}],"collection":[{"href":"https:\/\/ucm.edu.co\/intranet\/wp-json\/wp\/v2\/posts"}],"about":[{"href":"https:\/\/ucm.edu.co\/intranet\/wp-json\/wp\/v2\/types\/post"}],"author":[{"embeddable":true,"href":"https:\/\/ucm.edu.co\/intranet\/wp-json\/wp\/v2\/users\/2"}],"replies":[{"embeddable":true,"href":"https:\/\/ucm.edu.co\/intranet\/wp-json\/wp\/v2\/comments?post=224587"}],"version-history":[{"count":3,"href":"https:\/\/ucm.edu.co\/intranet\/wp-json\/wp\/v2\/posts\/224587\/revisions"}],"predecessor-version":[{"id":224593,"href":"https:\/\/ucm.edu.co\/intranet\/wp-json\/wp\/v2\/posts\/224587\/revisions\/224593"}],"wp:featuredmedia":[{"embeddable":true,"href":"https:\/\/ucm.edu.co\/intranet\/wp-json\/wp\/v2\/media\/224588"}],"wp:attachment":[{"href":"https:\/\/ucm.edu.co\/intranet\/wp-json\/wp\/v2\/media?parent=224587"}],"wp:term":[{"taxonomy":"category","embeddable":true,"href":"https:\/\/ucm.edu.co\/intranet\/wp-json\/wp\/v2\/categories?post=224587"},{"taxonomy":"post_tag","embeddable":true,"href":"https:\/\/ucm.edu.co\/intranet\/wp-json\/wp\/v2\/tags?post=224587"}],"curies":[{"name":"wp","href":"https:\/\/api.w.org\/{rel}","templated":true}]}}