{"id":224597,"date":"2026-09-04T07:43:11","date_gmt":"2026-09-04T12:43:11","guid":{"rendered":"https:\/\/www.ucm.edu.co\/?p=235417"},"modified":"2026-09-04T07:44:18","modified_gmt":"2026-09-04T12:44:18","slug":"la-ucm-dio-la-bienvenida-a-la-cohorte-56-de-la-especializacion-en-administracion-de-la-salud","status":"publish","type":"post","link":"https:\/\/ucm.edu.co\/intranet\/la-ucm-dio-la-bienvenida-a-la-cohorte-56-de-la-especializacion-en-administracion-de-la-salud\/","title":{"rendered":"La UCM dio la bienvenida a la cohorte 56 de la Especializaci\u00f3n en Administraci\u00f3n de la Salud"},"content":{"rendered":"\n<p class=\"wp-block-paragraph\">La Universidad Cat\u00f3lica de Manizales (UCM) dio apertura a la cohorte 56 de la Especializaci\u00f3n en Administraci\u00f3n de la Salud, en un encuentro virtual realizado el 28 de agosto de 2026, a las 8:30 am. En esta jornada participaron los 11 estudiantes que iniciar\u00e1n su proceso de formaci\u00f3n durante el periodo acad\u00e9mico septiembre de 2026 a febrero de 2027.<\/p>\n\n\n\n<p class=\"wp-block-paragraph\">El encuentro cont\u00f3 con la presencia y el acompa\u00f1amiento del Dr. Cristian Camilo Guti\u00e9rrez Restrepo, rector de la Universidad Cat\u00f3lica de Manizales; la Mg. Gloria In\u00e9s Estrada Salazar, decana de la Facultad de Ciencias de la Salud; la Mg. Patricia G\u00f3mez Gonzales, directora de la Especializaci\u00f3n en Administraci\u00f3n de la Salud; y Jessica Qui\u00f1ones, coordinadora del Centro Tutorial Cali La Presentaci\u00f3n.<\/p>\n\n\n\n<h1 class=\"wp-block-heading\">Una bienvenida desde la identidad institucional<\/h1>\n\n\n\n<p class=\"wp-block-paragraph\">Durante su intervenci\u00f3n, el rector extendi\u00f3 un saludo de bienvenida a los nuevos estudiantes en nombre de las Hermanas que integran el Gobierno de la Instituci\u00f3n y de la hermana vicecanciller. Asimismo, realiz\u00f3 un recorrido por la historia y evoluci\u00f3n de la Universidad, resaltando su identidad como obra de Iglesia de la Congregaci\u00f3n de las Hermanas de la Caridad Dominicas de la Presentaci\u00f3n de la Sant\u00edsima Virgen.<\/p>\n\n\n\n<figure class=\"wp-block-image size-full\"><img decoding=\"async\" src=\"https:\/\/ucm.edu.co\/intranet\/wp-content\/uploads\/2026\/09\/Apertura-administracion-de-la-salud-1.jpg\" alt=\"\" class=\"wp-image-235420\" \/><\/figure>\n\n\n\n<p class=\"wp-block-paragraph\">En este recorrido, destac\u00f3 las ra\u00edces institucionales inspiradas en la Beata Marie Poussepin y en el legado de Santo Domingo de Guzm\u00e1n, fundamentos que encuentran en el estudio, la contemplaci\u00f3n y la predicaci\u00f3n, pilares para una formaci\u00f3n comprometida con la persona y con las realidades de la sociedad.<\/p>\n\n\n\n<p class=\"wp-block-paragraph\">El rector tambi\u00e9n present\u00f3 la oferta acad\u00e9mica actual de la UCM y se refiri\u00f3 a los desaf\u00edos que ha enfrentado la Instituci\u00f3n a partir del terremoto y las afectaciones ocasionadas en el campus universitario. En este contexto, resalt\u00f3 el proceso de adaptaci\u00f3n y transformaci\u00f3n que adelanta la Universidad, as\u00ed como la importancia de repensar y renovar la Instituci\u00f3n para asumir los retos del presente con capacidad de adaptaci\u00f3n y una mirada puesta en el futuro.<\/p>\n\n\n\n<h2 class=\"wp-block-heading\"><strong>Formaci\u00f3n para transformar las realidades del sector salud<\/strong><\/h2>\n\n\n\n<p class=\"wp-block-paragraph\">Por su parte, la Mg. Gloria In\u00e9s Estrada Salazar, decana de la Facultad de Ciencias de la Salud, expres\u00f3 su alegr\u00eda por la apertura de esta nueva cohorte en el Centro Tutorial Cali La Presentaci\u00f3n y destac\u00f3 la pertinencia de la Especializaci\u00f3n frente a los desaf\u00edos que enfrenta el pa\u00eds y, particularmente, el sector salud, tambi\u00e9n, se\u00f1al\u00f3 que experiencias como la pandemia y el terremoto han evidenciado la necesidad de contar con profesionales capaces de responder de manera oportuna y efectiva ante las diferentes situaciones que se presentan en las instituciones p\u00fablicas y privadas. Por ello, invit\u00f3 a los estudiantes a fortalecer sus capacidades para ser resolutivos, mejorar, transformar y generar cambios desde los diferentes roles que desempe\u00f1an.<\/p>\n\n\n\n<p class=\"wp-block-paragraph\">Posteriormente, Jessica Qui\u00f1ones present\u00f3 a los estudiantes el Centro Tutorial Cali La Presentaci\u00f3n, destacando sus caracter\u00edsticas como un espacio campestre y al aire libre propicio para el desarrollo profesional, y reiter\u00f3 su disposici\u00f3n para acompa\u00f1arlos durante su experiencia acad\u00e9mica.<\/p>\n\n\n\n<p class=\"wp-block-paragraph\">La jornada continu\u00f3 con el proceso de inducci\u00f3n liderado por la Mg. Patricia G\u00f3mez Gonzales, quien, a trav\u00e9s de un video reflexivo y motivacional, dio inicio a la presentaci\u00f3n de diferentes aspectos relacionados con la Universidad y el programa.<\/p>\n\n\n\n<p class=\"wp-block-paragraph\">Este primer encuentro permiti\u00f3 fortalecer el v\u00ednculo entre los estudiantes, las directivas, el equipo del programa y el Centro Tutorial Cali La Presentaci\u00f3n, dando inicio a una nueva etapa de formaci\u00f3n profesional. Los 11 integrantes de la cohorte 56, provenientes de diferentes perfiles y experiencias relacionadas con el sector salud y la gesti\u00f3n, tendr\u00e1n la oportunidad de enriquecer su proceso acad\u00e9mico a partir del intercambio de conocimientos y experiencias.<\/p>\n\n\n\n<p class=\"wp-block-paragraph\">Tambi\u00e9n podr\u00eda interesarte:<em>&nbsp;<\/em><a href=\"https:\/\/www.ucm.edu.co\/doctorados-educacion-pedagogia-ucm\/\" data-type=\"link\" data-id=\"https:\/\/www.ucm.edu.co\/doctorados-educacion-pedagogia-ucm\/\">https:\/\/www.ucm.edu.co\/doctorados-educacion-pedagogia-ucm\/<\/a><\/p>\n","protected":false},"excerpt":{"rendered":"<p>La Universidad Cat\u00f3lica de Manizales dio apertura a la cohorte 56 de la Especializaci\u00f3n en Administraci\u00f3n de la Salud, un nuevo ciclo de formaci\u00f3n que re\u00fane a 11 estudiantes y fortalece su preparaci\u00f3n para afrontar los desaf\u00edos del sector salud desde la gesti\u00f3n y la transformaci\u00f3n de sus realidades.<\/p>\n","protected":false},"author":2,"featured_media":224598,"comment_status":"closed","ping_status":"open","sticky":false,"template":"","format":"standard","meta":{"_et_pb_use_builder":"","_et_pb_old_content":"","_et_gb_content_width":"","_monsterinsights_skip_tracking":false,"footnotes":""},"categories":[895,29],"tags":[311,18,19],"class_list":["post-224597","post","type-post","status-publish","format-standard","has-post-thumbnail","hentry","category-especializacion-en-administracion-de-la-salud","category-proyeccion","tag-especializacion-en-administracion-de-la-salud","tag-ucm","tag-universidad-catolica-de-manizales"],"_links":{"self":[{"href":"https:\/\/ucm.edu.co\/intranet\/wp-json\/wp\/v2\/posts\/224597","targetHints":{"allow":["GET"]}}],"collection":[{"href":"https:\/\/ucm.edu.co\/intranet\/wp-json\/wp\/v2\/posts"}],"about":[{"href":"https:\/\/ucm.edu.co\/intranet\/wp-json\/wp\/v2\/types\/post"}],"author":[{"embeddable":true,"href":"https:\/\/ucm.edu.co\/intranet\/wp-json\/wp\/v2\/users\/2"}],"replies":[{"embeddable":true,"href":"https:\/\/ucm.edu.co\/intranet\/wp-json\/wp\/v2\/comments?post=224597"}],"version-history":[{"count":3,"href":"https:\/\/ucm.edu.co\/intranet\/wp-json\/wp\/v2\/posts\/224597\/revisions"}],"predecessor-version":[{"id":224602,"href":"https:\/\/ucm.edu.co\/intranet\/wp-json\/wp\/v2\/posts\/224597\/revisions\/224602"}],"wp:featuredmedia":[{"embeddable":true,"href":"https:\/\/ucm.edu.co\/intranet\/wp-json\/wp\/v2\/media\/224598"}],"wp:attachment":[{"href":"https:\/\/ucm.edu.co\/intranet\/wp-json\/wp\/v2\/media?parent=224597"}],"wp:term":[{"taxonomy":"category","embeddable":true,"href":"https:\/\/ucm.edu.co\/intranet\/wp-json\/wp\/v2\/categories?post=224597"},{"taxonomy":"post_tag","embeddable":true,"href":"https:\/\/ucm.edu.co\/intranet\/wp-json\/wp\/v2\/tags?post=224597"}],"curies":[{"name":"wp","href":"https:\/\/api.w.org\/{rel}","templated":true}]}}