{"id":224605,"date":"2026-08-31T09:33:20","date_gmt":"2026-08-31T14:33:20","guid":{"rendered":"https:\/\/www.ucm.edu.co\/?p=235353"},"modified":"2026-09-04T07:58:08","modified_gmt":"2026-09-04T12:58:08","slug":"la-ucm-celebra-la-graduacion-de-nuevos-profesionales-y-especialistas-que-aportaran-a-la-transformacion-de-sus-territorios","status":"publish","type":"post","link":"https:\/\/ucm.edu.co\/intranet\/la-ucm-celebra-la-graduacion-de-nuevos-profesionales-y-especialistas-que-aportaran-a-la-transformacion-de-sus-territorios\/","title":{"rendered":"La UCM celebra la graduaci\u00f3n de nuevos Profesionales, Especialistas y Mag\u00edsteres que aportar\u00e1n a la transformaci\u00f3n de sus territorios"},"content":{"rendered":"\n<p class=\"wp-block-paragraph\">La Universidad Cat\u00f3lica de Manizales (UCM) vivi\u00f3 el pasado 28 de agosto una jornada de profunda alegr\u00eda, gratitud y sentido institucional con la graduaci\u00f3n de nuevos profesionales, especialistas y mag\u00edsteres quienes culminaron una etapa fundamental de su proyecto de vida y se disponen ahora a asumir nuevos desaf\u00edos desde sus campos de formaci\u00f3n.<\/p>\n\n\n\n<div class=\"wp-block-columns is-layout-flex wp-container-core-columns-is-layout-8f761849 wp-block-columns-is-layout-flex\">\n<div class=\"wp-block-column is-layout-flow wp-block-column-is-layout-flow\">\n<figure class=\"wp-block-image size-full\"><img decoding=\"async\" src=\"https:\/\/ucm.edu.co\/intranet\/wp-content\/uploads\/2026\/08\/DSC08517.jpg-1.jpeg\" alt=\"\" class=\"wp-image-235382\" \/><\/figure>\n<\/div>\n\n\n\n<div class=\"wp-block-column is-layout-flow wp-block-column-is-layout-flow\">\n<figure class=\"wp-block-image size-full\"><img decoding=\"async\" src=\"https:\/\/ucm.edu.co\/intranet\/wp-content\/uploads\/2026\/08\/DSC08622.jpg-1.jpeg\" alt=\"\" class=\"wp-image-235385\" \/><\/figure>\n<\/div>\n\n\n\n<div class=\"wp-block-column is-layout-flow wp-block-column-is-layout-flow\">\n<figure class=\"wp-block-image size-full\"><img decoding=\"async\" src=\"https:\/\/ucm.edu.co\/intranet\/wp-content\/uploads\/2026\/08\/DSC08494.jpg-1.jpeg\" alt=\"\" class=\"wp-image-235380\" \/><\/figure>\n<\/div>\n<\/div>\n\n\n\n<p class=\"wp-block-paragraph\">Las ceremonias, realizadas en jornada de la ma\u00f1ana y de la tarde, reunieron a graduandos, familias, docentes, directivos y miembros de la comunidad universitaria en torno a un acontecimiento que representa mucho m\u00e1s que la obtenci\u00f3n de un t\u00edtulo: es la materializaci\u00f3n del esfuerzo, la dedicaci\u00f3n y el compromiso asumido durante el proceso formativo.<\/p>\n\n\n\n<h2 class=\"wp-block-heading\"><strong>Una formaci\u00f3n que trasciende el aula<\/strong><\/h2>\n\n\n\n<p class=\"wp-block-paragraph\">Durante la jornada de la ma\u00f1ana, la UCM otorg\u00f3 los t\u00edtulos correspondientes a los programas de Bacteriolog\u00eda, Especializaci\u00f3n en Enfermer\u00eda en Cuidado Cr\u00edtico del Adulto, Especializaci\u00f3n en Enfermer\u00eda en Cuidados Paliativos, Especializaci\u00f3n en Administraci\u00f3n de la Salud, Especializaci\u00f3n en Ergonom\u00eda, Especializaci\u00f3n en Seguridad y Salud en el Trabajo y Maestr\u00eda en Microbiolog\u00eda Agroindustrial.<\/p>\n\n\n\n<p class=\"wp-block-paragraph\">En la ceremonia de la tarde fueron proclamados 45 graduados de Publicidad, Especializaci\u00f3n en Branding y Comunicaci\u00f3n Estrat\u00e9gica, Maestr\u00eda en Humanidades y Teolog\u00eda, Maestr\u00eda en Memoria y Escenarios Transicionales, Licenciatura en Ciencias Naturales y Educaci\u00f3n Ambiental, Especializaci\u00f3n en Estad\u00edstica Aplicada, Especializaci\u00f3n en Gerencia Educativa y Maestr\u00eda en Educaci\u00f3n.<\/p>\n\n\n\n<p class=\"wp-block-paragraph\">Estos resultados reflejan la diversidad de una comunidad acad\u00e9mica que, desde diferentes \u00e1reas del conocimiento, aporta a los desaf\u00edos contempor\u00e1neos y fortalece el desarrollo de la regi\u00f3n y del pa\u00eds. Cada graduado lleva consigo no solo los conocimientos propios de su disciplina, sino tambi\u00e9n una formaci\u00f3n que busca integrar el saber, la \u00e9tica, la sensibilidad social y la capacidad de aportar a la transformaci\u00f3n de las comunidades.<\/p>\n\n\n\n<h2 class=\"wp-block-heading\"><strong>El sello UCM: excelencia, compromiso y esperanza<\/strong><\/h2>\n\n\n\n<p class=\"wp-block-paragraph\">Las ceremonias estuvieron presididas por el rector de la Universidad Cat\u00f3lica de Manizales, Dr. Cristian Camilo Guti\u00e9rrez Restrepo, quien acompa\u00f1\u00f3 a los graduandos en la toma del juramento y en este momento significativo de su trayectoria acad\u00e9mica.<\/p>\n\n\n\n<div class=\"wp-block-columns is-layout-flex wp-container-core-columns-is-layout-8f761849 wp-block-columns-is-layout-flex\">\n<div class=\"wp-block-column is-layout-flow wp-block-column-is-layout-flow\">\n<figure class=\"wp-block-image size-full\"><img decoding=\"async\" src=\"https:\/\/ucm.edu.co\/intranet\/wp-content\/uploads\/2026\/08\/DSC08370.jpg-1.jpeg\" alt=\"\" class=\"wp-image-235390\" \/><\/figure>\n<\/div>\n\n\n\n<div class=\"wp-block-column is-layout-flow wp-block-column-is-layout-flow\">\n<figure class=\"wp-block-image size-full\"><img decoding=\"async\" src=\"https:\/\/ucm.edu.co\/intranet\/wp-content\/uploads\/2026\/08\/DSC08665.jpg-1.jpeg\" alt=\"\" class=\"wp-image-235374\" \/><\/figure>\n<\/div>\n\n\n\n<div class=\"wp-block-column is-layout-flow wp-block-column-is-layout-flow\">\n<figure class=\"wp-block-image size-full\"><img decoding=\"async\" src=\"https:\/\/ucm.edu.co\/intranet\/wp-content\/uploads\/2026\/08\/DSC08369.jpg-1.jpeg\" alt=\"\" class=\"wp-image-235375\" \/><\/figure>\n<\/div>\n<\/div>\n\n\n\n<p class=\"wp-block-paragraph\">Para la UCM, cada graduaci\u00f3n representa una oportunidad para reconocer el camino recorrido y, al mismo tiempo, proyectar el futuro. Los nuevos egresados est\u00e1n llamados a poner sus capacidades al servicio de la sociedad, asumir con responsabilidad los retos de sus profesiones y continuar construyendo, desde sus diferentes escenarios de actuaci\u00f3n, respuestas pertinentes a las necesidades del entorno.<\/p>\n\n\n\n<p class=\"wp-block-paragraph\">De esta manera, la Universidad Cat\u00f3lica de Manizales reafirma su compromiso con una educaci\u00f3n que transforma vidas, fortalece los territorios y aporta a la construcci\u00f3n de una sociedad m\u00e1s humana, justa y sostenible. A los nuevos graduados, la Instituci\u00f3n les extiende una felicitaci\u00f3n y los invita a llevar consigo el sello UCM, con la convicci\u00f3n de que el conocimiento adquiere verdadero sentido cuando se pone al servicio de los dem\u00e1s.<\/p>\n\n\n\n<p class=\"wp-block-paragraph\">Tambi\u00e9n podr\u00eda interesarte: <a href=\"https:\/\/www.ucm.edu.co\/2do-taller-practico-sobre-alimentacion-saludable-buenas-practicas-de-manipulacion-y-conservacion-de-alimentos\/\" data-type=\"link\" data-id=\"https:\/\/www.ucm.edu.co\/2do-taller-practico-sobre-alimentacion-saludable-buenas-practicas-de-manipulacion-y-conservacion-de-alimentos\/\">https:\/\/www.ucm.edu.co\/2do-taller-practico-sobre-alimentacion-saludable-buenas-practicas-de-manipulacion-y-conservacion-de-alimentos\/<\/a><\/p>\n","protected":false},"excerpt":{"rendered":"<p>La Universidad Cat\u00f3lica de Manizales (UCM) gradu\u00f3 a nuevos profesionales y especialistas en una jornada que celebr\u00f3 la excelencia, el compromiso y la formaci\u00f3n integral de sus estudiantes.<\/p>\n","protected":false},"author":2,"featured_media":224606,"comment_status":"closed","ping_status":"open","sticky":false,"template":"","format":"standard","meta":{"_et_pb_use_builder":"","_et_pb_old_content":"","_et_gb_content_width":"","_monsterinsights_skip_tracking":false,"footnotes":""},"categories":[29],"tags":[38,18,19],"class_list":["post-224605","post","type-post","status-publish","format-standard","has-post-thumbnail","hentry","category-proyeccion","tag-graduados-ucm","tag-ucm","tag-universidad-catolica-de-manizales"],"_links":{"self":[{"href":"https:\/\/ucm.edu.co\/intranet\/wp-json\/wp\/v2\/posts\/224605","targetHints":{"allow":["GET"]}}],"collection":[{"href":"https:\/\/ucm.edu.co\/intranet\/wp-json\/wp\/v2\/posts"}],"about":[{"href":"https:\/\/ucm.edu.co\/intranet\/wp-json\/wp\/v2\/types\/post"}],"author":[{"embeddable":true,"href":"https:\/\/ucm.edu.co\/intranet\/wp-json\/wp\/v2\/users\/2"}],"replies":[{"embeddable":true,"href":"https:\/\/ucm.edu.co\/intranet\/wp-json\/wp\/v2\/comments?post=224605"}],"version-history":[{"count":1,"href":"https:\/\/ucm.edu.co\/intranet\/wp-json\/wp\/v2\/posts\/224605\/revisions"}],"predecessor-version":[{"id":224607,"href":"https:\/\/ucm.edu.co\/intranet\/wp-json\/wp\/v2\/posts\/224605\/revisions\/224607"}],"wp:featuredmedia":[{"embeddable":true,"href":"https:\/\/ucm.edu.co\/intranet\/wp-json\/wp\/v2\/media\/224606"}],"wp:attachment":[{"href":"https:\/\/ucm.edu.co\/intranet\/wp-json\/wp\/v2\/media?parent=224605"}],"wp:term":[{"taxonomy":"category","embeddable":true,"href":"https:\/\/ucm.edu.co\/intranet\/wp-json\/wp\/v2\/categories?post=224605"},{"taxonomy":"post_tag","embeddable":true,"href":"https:\/\/ucm.edu.co\/intranet\/wp-json\/wp\/v2\/tags?post=224605"}],"curies":[{"name":"wp","href":"https:\/\/api.w.org\/{rel}","templated":true}]}}