{"id":224614,"date":"2026-09-04T09:46:23","date_gmt":"2026-09-04T14:46:23","guid":{"rendered":"https:\/\/www.ucm.edu.co\/?p=235407"},"modified":"2026-09-04T17:21:07","modified_gmt":"2026-09-04T22:21:07","slug":"la-ucm-dio-apertura-a-la-xxiii-cohorte-de-la-especializacion-en-seguridad-y-salud-en-el-trabajo","status":"publish","type":"post","link":"https:\/\/ucm.edu.co\/intranet\/la-ucm-dio-apertura-a-la-xxiii-cohorte-de-la-especializacion-en-seguridad-y-salud-en-el-trabajo\/","title":{"rendered":"La UCM dio apertura a la XXIII cohorte de la Especializaci\u00f3n en Seguridad y Salud en el Trabajo"},"content":{"rendered":"\n<p class=\"wp-block-paragraph\">La Universidad Cat\u00f3lica de Manizales (UCM) dio apertura a la XXIII cohorte de la Especializaci\u00f3n en Seguridad y Salud en el Trabajo, un nuevo espacio de encuentro y formaci\u00f3n que reunir\u00e1 a estudiantes, directivas y representantes de diferentes \u00e1reas institucionales para dar inicio a esta etapa de formaci\u00f3n posgradual.<\/p>\n\n\n\n<p class=\"wp-block-paragraph\">El acto de apertura se realiz\u00f3 el viernes 4 de septiembre de 2026, de manera presencial, en el Auditorio Biblioteca de la UCM. La jornada estuvo orientada a brindar a los nuevos estudiantes un primer acercamiento con la Instituci\u00f3n, sus servicios, espacios y din\u00e1micas acad\u00e9micas, favoreciendo desde el inicio la construcci\u00f3n de v\u00ednculos con la comunidad universitaria.<\/p>\n\n\n\n<h2 class=\"wp-block-heading\">Un encuentro para dar la bienvenida a los nuevos estudiantes<\/h2>\n\n\n\n<p class=\"wp-block-paragraph\">La agenda comenz\u00f3 a las 3:00 p.m. con el inicio oficial de la apertura de la XXIII cohorte de la Especializaci\u00f3n en Seguridad y Salud en el Trabajo, seguido del Himno de la Universidad Cat\u00f3lica de Manizales y el saludo de las directivas institucionales.<\/p>\n\n\n\n<p class=\"wp-block-paragraph\">En este espacio participaron Gloria In\u00e9s Estrada Salazar, decana de la Facultad de Ciencias de la Salud, y Alejandra Garay Salamanca, directora de la Especializaci\u00f3n en Seguridad y Salud en el Trabajo, quienes acompa\u00f1aron el desarrollo de la jornada y dieron la bienvenida a los estudiantes.<\/p>\n\n\n\n<p class=\"wp-block-paragraph\">Posteriormente, los integrantes de la nueva cohorte tuvieron un espacio para presentarse y reconocerse como parte de esta comunidad acad\u00e9mica. La programaci\u00f3n tambi\u00e9n contempl\u00f3 informaci\u00f3n de la Vicerrector\u00eda de Bienestar y Pastoral Universitaria y de la Biblioteca, servicios fundamentales para acompa\u00f1ar la experiencia universitaria.<\/p>\n\n\n\n<h2 class=\"wp-block-heading\">Formaci\u00f3n que integra acompa\u00f1amiento, conocimiento y comunidad<\/h2>\n\n\n\n<p class=\"wp-block-paragraph\">Como parte de la jornada, los estudiantes compartieron con Adriana Serna P\u00e9rez, graduada destacada, en un encuentro que permiti\u00f3 reconocer experiencias vinculadas con el proceso formativo y con la trayectoria de quienes han hecho parte de la instituci\u00f3n.<\/p>\n\n\n\n<p class=\"wp-block-paragraph\">La programaci\u00f3n continu\u00f3 con la inducci\u00f3n al programa y el entrenamiento en la plataforma Moodle, a cargo de la Unidad Institucional de Educaci\u00f3n a Distancia (UIED), fortaleciendo as\u00ed el conocimiento de las herramientas y recursos que acompa\u00f1ar\u00e1n el proceso acad\u00e9mico.<\/p>\n\n\n\n<p class=\"wp-block-paragraph\">Con esta apertura, la Universidad Cat\u00f3lica de Manizales contin\u00faa propiciando escenarios de encuentro, acompa\u00f1amiento y formaci\u00f3n, en los que cada estudiante encuentra oportunidades para fortalecer sus capacidades y construir un proyecto acad\u00e9mico con sentido. <\/p>\n\n\n\n<p class=\"wp-block-paragraph\">Tambi\u00e9n podr\u00eda interesarte:<em>\u00a0<\/em><a href=\"https:\/\/www.ucm.edu.co\/la-ucm-dio-apertura-a-la-xxvii-cohorte-de-la-especializacion-en-gerencia-de-la-calidad\/\" data-type=\"link\" data-id=\"https:\/\/www.ucm.edu.co\/la-ucm-dio-apertura-a-la-xxvii-cohorte-de-la-especializacion-en-gerencia-de-la-calidad\/\">https:\/\/www.ucm.edu.co\/la-ucm-dio-apertura-a-la-xxvii-cohorte-de-la-especializacion-en-gerencia-de-la-calidad\/<\/a><\/p>\n","protected":false},"excerpt":{"rendered":"<p>La Universidad Cat\u00f3lica de Manizales dio apertura a la XXIII cohorte de la Especializaci\u00f3n en Seguridad y Salud en el Trabajo, con una jornada de bienvenida e inducci\u00f3n para sus nuevos estudiantes.<\/p>\n","protected":false},"author":2,"featured_media":224617,"comment_status":"closed","ping_status":"open","sticky":false,"template":"","format":"standard","meta":{"_et_pb_use_builder":"","_et_pb_old_content":"","_et_gb_content_width":"","_monsterinsights_skip_tracking":false,"footnotes":""},"categories":[29],"tags":[175,18,19],"class_list":["post-224614","post","type-post","status-publish","format-standard","has-post-thumbnail","hentry","category-proyeccion","tag-seguridad-y-salud-en-el-trabajo","tag-ucm","tag-universidad-catolica-de-manizales"],"_links":{"self":[{"href":"https:\/\/ucm.edu.co\/intranet\/wp-json\/wp\/v2\/posts\/224614","targetHints":{"allow":["GET"]}}],"collection":[{"href":"https:\/\/ucm.edu.co\/intranet\/wp-json\/wp\/v2\/posts"}],"about":[{"href":"https:\/\/ucm.edu.co\/intranet\/wp-json\/wp\/v2\/types\/post"}],"author":[{"embeddable":true,"href":"https:\/\/ucm.edu.co\/intranet\/wp-json\/wp\/v2\/users\/2"}],"replies":[{"embeddable":true,"href":"https:\/\/ucm.edu.co\/intranet\/wp-json\/wp\/v2\/comments?post=224614"}],"version-history":[{"count":1,"href":"https:\/\/ucm.edu.co\/intranet\/wp-json\/wp\/v2\/posts\/224614\/revisions"}],"predecessor-version":[{"id":224615,"href":"https:\/\/ucm.edu.co\/intranet\/wp-json\/wp\/v2\/posts\/224614\/revisions\/224615"}],"wp:featuredmedia":[{"embeddable":true,"href":"https:\/\/ucm.edu.co\/intranet\/wp-json\/wp\/v2\/media\/224617"}],"wp:attachment":[{"href":"https:\/\/ucm.edu.co\/intranet\/wp-json\/wp\/v2\/media?parent=224614"}],"wp:term":[{"taxonomy":"category","embeddable":true,"href":"https:\/\/ucm.edu.co\/intranet\/wp-json\/wp\/v2\/categories?post=224614"},{"taxonomy":"post_tag","embeddable":true,"href":"https:\/\/ucm.edu.co\/intranet\/wp-json\/wp\/v2\/tags?post=224614"}],"curies":[{"name":"wp","href":"https:\/\/api.w.org\/{rel}","templated":true}]}}